{"id":4025,"date":"2025-06-27T15:23:47","date_gmt":"2025-06-27T15:23:47","guid":{"rendered":"https:\/\/peterkepkeret.hu\/?p=4025"},"modified":"2025-07-04T07:02:23","modified_gmt":"2025-07-04T07:02:23","slug":"leggyakrabban-hasznalt-szakszavak-jelentese","status":"publish","type":"post","link":"https:\/\/peterkepkeret.hu\/en\/leggyakrabban-hasznalt-szakszavak-jelentese\/","title":{"rendered":"Framing dictionary"},"content":{"rendered":"<p>In the list below, we\u2019ve collected the most commonly used terms in picture framing, arranged in alphabetical order, along with their meanings.\nOur goal is to make these concepts easier to understand. Many of the terms may have different meanings in other fields, but here we focus specifically on their relevance to picture framing.<\/p>\n<p>&nbsp;<\/p>\n<hr \/>\n<p><strong>Ach\u00e1t k\u0151\u00a0<\/strong><\/p>\n<p>Az aranyoz\u00e1s sor\u00e1n a m\u00f3kusecsettel felvitt leheletv\u00e9kony aranyf\u00fcstlapok pol\u00edroz\u00e1s\u00e1ra szolg\u00e1l\u00f3 f\u00e9ldr\u00e1ga k\u0151b\u0151l k\u00e9sz\u00fclt szersz\u00e1m. T\u00f6bbf\u00e9le alakban \u00e9s m\u00e9retben l\u00e9tezik.<\/p>\n<hr \/>\n<p><strong>Ayous (tr\u00f3pusi fa)<\/strong><\/p>\n<p>Rendk\u00edv\u00fcl por\u00f3zus \u00e9s k\u00f6nny\u0171, gyorsan n\u00f6v\u0151 fa. \u00c9szak-Afrik\u00e1ban termesztik \u00e9s az olasz \u00e9s spanyol l\u00e9cgy\u00e1rt\u00e1s f\u0151 alapanyaga. El\u0151nye a kis s\u00faly \u00e9s a k\u00f6nny\u0171 megmunk\u00e1lhat\u00f3s\u00e1g. H\u00e1tr\u00e1nya, hogy k\u00f6nnyen csavarodik, \u00e9s gyakran t\u00e1madja meg a sz\u00fabog\u00e1r l\u00e1rv\u00e1ja.<\/p>\n<hr \/>\n<p><strong>\u00c1tszab\u00e1s<\/strong><\/p>\n<p>Ha egy nagyobb m\u00e9ret\u0171 keretet szeretn\u00e9nk egy kisebb k\u00e9pre igaz\u00edtani, sz\u00fcks\u00e9gess\u00e9 v\u00e1lhat a keret sz\u00e9tszed\u00e9se, megv\u00e1g\u00e1sa \u00e9s \u00fajb\u00f3li \u00f6sszerak\u00e1sa.<\/p>\n<hr \/>\n<p><strong>Barbizoni keret<\/strong><\/p>\n<p>XIX. sz\u00e1zadi, \u00f6nt\u00f6tt gipsszel d\u00edsz\u00edtett, francia kerett\u00edpus, mely d\u00edsz\u00edt\u00e9s\u00e9ben a kor\u00e1bbi korok barokk, k\u00e9zzel faragott kereteihez hasonl\u00edt.<\/p>\n<hr \/>\n<p><strong>Bemutat\u00f3 keret (shadow-box keret, L-alak\u00fa keret)<\/strong><\/p>\n<p>Kort\u00e1rs k\u00e9pek eset\u00e9n gyakran alkalmazott minimalista kerett\u00edpus. Profilja L-alak\u00fa melybe a megszokott\u00f3l elt\u00e9r\u0151en szemb\u0151l van belehelyezve a vakr\u00e1ma. A keret \u00e9s a vakr\u00e1ma k\u00f6z\u00f6tt \u00e1ltal\u00e1ban hagyunk egy r\u00e9st, \u00edgy ebben az esetben l\u00e1tszik a vakr\u00e1ma oldala is.<\/p>\n<hr \/>\n<p><strong>Bet\u00e9tkeret<\/strong><\/p>\n<p>A keret falc\u00e1ba helyezett kisebb keret mely a paszpartuhoz hasonl\u00f3an leveg\u0151zni hagyja a festm\u00e9nyt. Gyakran haszn\u00e1lj\u00e1k a t\u00e9r kit\u00f6lt\u00e9s\u00e9re, ha egy nagyobb keretbe egy kisebb k\u00e9pet szeretn\u00e9nek helyezni, ez\u00e1ltal nem sz\u00fcks\u00e9ges \u00e1tszabni a keretet.<\/p>\n<hr \/>\n<p><strong>Biedermeier keret<\/strong><\/p>\n<p>\u00cdves, d\u00edsz\u00edtett sark\u00fa, dombor\u00fa profil\u00fa, gyakran aranyozott vagy ez\u00fcst\u00f6z\u00f6tt k\u00f6ztes bet\u00e9tmez\u0151kkel d\u00edsz\u00edtett kerett\u00edpus, ami a XIX. sz\u00e1zadi kispolg\u00e1ri enteri\u0151r\u00f6kben volt n\u00e9pszer\u0171 els\u0151sorban t\u00fck\u00f6rkeretk\u00e9nt.<\/p>\n<hr \/>\n<p><strong>Biztons\u00e1gi akaszt\u00f3<\/strong><\/p>\n<p>Olyan akaszt\u00f3t\u00edpus, ami megg\u00e1tolja a festm\u00e9ny egyszer\u0171 leemel\u00e9s\u00e9t a falr\u00f3l. \u00c1ltal\u00e1ban egy speci\u00e1lis kulcs kell a kiold\u00e1s\u00e1hoz. F\u0151leg irodah\u00e1zakban, m\u00fazeumokban, sz\u00e1llod\u00e1kban \u00e9s egy\u00e9b nyilv\u00e1nos terekben n\u00e9pszer\u0171 megold\u00e1s. Nem csak a lop\u00e1st nehez\u00edti meg, hanem a k\u00e9p v\u00e9letlenszer\u0171 lees\u00e9s\u00e9t is megg\u00e1tolja, ez\u00e1ltal balesetv\u00e9delmi szempontb\u00f3l el\u0151ny\u00f6s. L\u00e9tezik fali \u00e9s gal\u00e9rias\u00ednrendszerhez illeszked\u0151 verzi\u00f3ja is.<\/p>\n<hr \/>\n<p><strong>Blondel keret<\/strong><\/p>\n<p>A XVIII. sz\u00e1zadi francia barokk \u00e9s rokok\u00f3ban n\u00e9pszer\u0171 faragott, aranyozott kerett\u00edpusok (v\u00f6. XVI. Lajos st\u00edlus) egyszer\u0171s\u00edtett, blondelmassz\u00e1val d\u00edsz\u00edtett jellegzetesen k\u00f6z\u00e9peur\u00f3pai verzi\u00f3ja.\u00a0 Eredetileg Jacques Francois Blondel francia \u00e9p\u00edt\u00e9sz nev\u00e9b\u0151l ered a sz\u00f3, az \u0151 nev\u00e9hez f\u0171z\u0151dik a rokok\u00f3 st\u00edlus sz\u00e9les k\u00f6r\u0171 elterjed\u00e9se a francia udvarban. K\u00fclf\u00f6ld\u00f6n nem ismert kifejez\u00e9s.<\/p>\n<p>A blondel keret f\u0151 jellegzetess\u00e9ge a vir\u00e1g \u00e9s kagyl\u00f3mut\u00edvumok a sarok- \u00e9s k\u00f6z\u00e9pd\u00edszeken, valamint az ezeket \u00f6sszek\u00f6t\u0151 \u00edves k\u00f6zbens\u0151 szakaszok, melyre vir\u00e1gmot\u00edvumok futnak.<\/p>\n<hr \/>\n<p><strong>Blondelmassza<\/strong><\/p>\n<p>Kr\u00e9tapor alap\u00fa d\u00edsz\u00edt\u0151massza, melynek k\u00f6t\u0151anyaga csontenyv. Adal\u00e9kanyagk\u00e9nt k\u00fcl\u00f6nb\u00f6z\u0151 gyant\u00e1kat \u00e9s olajokat kevernek bele. Szil\u00e1rdul\u00e1s el\u0151tt gyurma \u00e1llag\u00fa, szilikongumi vagy f\u00e9m negat\u00edv mint\u00e1ba pr\u00e9selik. K\u0151szer\u0171 \u00e1llag\u00fara szil\u00e1rdul, a fa term\u00e9szetes h\u0151t\u00e1gul\u00e1s\u00e1t nem tudja k\u00f6vetni, ez\u00e9rt hossz\u00fa id\u0151 alatt k\u00f6nnyen megreped. \u00cdgy keletkeznek a r\u00e9gi keretek sord\u00edszeinek jellegzetes keresztreped\u00e9sei.<\/p>\n<hr \/>\n<p><strong>Br\u00fcsszeli keret<\/strong><\/p>\n<p>A blondelhez hasonl\u00f3an csak itthon ismert kifejez\u00e9s, amit a francia barokk,\u00a0<em> Regency<\/em> \u00e9s <em>XIV. Lajos<\/em> kerett\u00edpusaira haszn\u00e1lnak. Jellegzetess\u00e9ge a sarok \u00e9s k\u00f6z\u00e9pd\u00edszeket \u00f6sszek\u00f6t\u0151, ism\u00e9tl\u0151d\u0151, szalagszer\u0171, gyakran C-alak\u00fa mez\u0151d\u00edszek. Nev\u00e9t a d\u00edsz\u00edt\u00e9s br\u00fcsszeli csipk\u00e9hez val\u00f3 hasonlatoss\u00e1g\u00e1l kapta.<\/p>\n<hr \/>\n<p><strong>Csapol\u00e1s<\/strong><\/p>\n<p>Faipari k\u00f6t\u0151technika, melynek sor\u00e1n egy pozit\u00edv csapot \u00e9s egy negat\u00edv csapr\u00e9st alak\u00edtanak ki a k\u00e9t munkadarabon. Ha mindk\u00e9t munkadarabon negat\u00edv csapr\u00e9st alak\u00edtanak ki \u00e9s a k\u00f6t\u0151elem egy harmadik alkatr\u00e9sz, azt idegencsapnak nevezik. R\u00f6gz\u00edt\u00e9se \u00e1ltal\u00e1ban ragaszt\u00e1st ig\u00e9nyel. Keretek eset\u00e9ben a sarkokat gyakran er\u0151s\u00edtik csapol\u00e1ssal vagy idegencsappal.<\/p>\n<hr \/>\n<p><strong>Dibond lemez<\/strong><\/p>\n<p>Kompozi alum\u00ednium szendvicspanel, mely alum\u00ednium p\u00e1nc\u00e9lzattal \u00e9s poliuret\u00e1n bels\u0151 maggal k\u00e9sz\u00fcl. Rendk\u00edv\u00fcl er\u0151s \u00e9s tart\u00f3s megold\u00e1s belt\u00e9ri \u00e9s k\u00fclt\u00e9ri haszn\u00e1latra is. M\u0171v\u00e9szi fot\u00f3k \u00e9s nagym\u00e9ret\u0171 printek kas\u00edroz\u00e1sa eset\u00e9n aj\u00e1nlott, mivel hossz\u00fa t\u00e1von megtartja az alakj\u00e1t, nem vetemedik vagy csavarodik el. K\u00fcl\u00f6nb\u00f6z\u0151 vastags\u00e1gokban \u00e9s sz\u00ednekben kaphat\u00f3.<\/p>\n<hr \/>\n<p data-start=\"59\" data-end=\"207\"><strong data-start=\"59\" data-end=\"73\">Dobozkeret<\/strong><\/p>\n<p data-start=\"59\" data-end=\"207\">Olyan magasfalc\u00fa k\u00e9pkeret aminek t\u00e1vtart\u00f3 seg\u00edts\u00e9g\u00e9vel m\u00e9lys\u00e9get adunk, \u00edgy egy vitrinszer\u0171 hat\u00e1st \u00e9rve el. Abban az esetben szoktuk alkalmazni, ha egy 3 dimenzi\u00f3s t\u00e1rgyat szeretn\u00e9nk keretbe helyezni. K\u00fcl\u00f6nleges &#8222;lebegtetett&#8221; hat\u00e1st lehet vele el\u00e9rni grafik\u00e1k eset\u00e9n, ahol grafik\u00e1t a h\u00e1tlap s\u00edkj\u00e1t\u00f3l elemelve jelen\u00edtj\u00fck meg a dobozon bel\u00fcl.<\/p>\n<hr \/>\n<p data-start=\"209\" data-end=\"319\"><strong data-start=\"209\" data-end=\"217\">Enyv<\/strong><\/p>\n<p data-start=\"209\" data-end=\"319\">Term\u00e9szetes alap\u00fa ragaszt\u00f3anyag, melyet k\u00fcl\u00f6nb\u00f6z\u0151 \u00e1llati testr\u00e9szekb\u0151l nyernek ki. Forr\u00e1s\u00e1t tekintve besz\u00e9lhet\u00fcnk t\u00f6bbek k\u00f6z\u00f6tt ny\u00falenyvr\u0151l, csontenyvr\u0151l vagy halenyvr\u0151l. Minden alkalmaz\u00e1si ter\u00fcletre a megfelel\u0151 enyvet kell haszn\u00e1lni. Fontos k\u00f6t\u0151anyaga a klasszikus massz\u00e1nak, a gessonak (vagy grundnak) \u00e9s a polimentnek is.<\/p>\n<hr \/>\n<p data-start=\"321\" data-end=\"475\"><strong data-start=\"321\" data-end=\"337\">Fa paszpartu<\/strong><\/p>\n<p data-start=\"321\" data-end=\"475\">A hagyom\u00e1nyos pap\u00edr paszpartuhoz hasonl\u00f3 funkci\u00f3t l\u00e1t el, de 6-8 mm vastag fa vagy MDF lapb\u00f3l k\u00e9sz\u00fcl, egyedileg megmunk\u00e1lva \u00e9s fel\u00fcletkezelve. Kisebb m\u00e9ret\u0171 munk\u00e1k eset\u00e9n seg\u00edt a k\u00e9pt\u00e9r megnyit\u00e1s\u00e1ban, \u00e9s a n\u00e9z\u0151 tekintet\u00e9nek f\u00f3kusz\u00e1l\u00e1s\u00e1ban. Alkalmazhat\u00f3 olyan esetben is, ha egy megl\u00e9v\u0151 keretbe szeretn\u00e9nk ut\u00f3lag beilleszteni egy t\u0151le kisebb k\u00e9pet. A pap\u00edr paszpartukt\u00f3l elt\u00e9r\u0151en az \u00fcveg nem a paszpartu f\u0151l\u00e9, hanem az al\u00e1 ker\u00fcl, \u00edgy ink\u00e1bb a keret r\u00e9szek\u00e9nt hat, mintsem a k\u00e9p kieg\u00e9sz\u00edt\u00e9sek\u00e9nt.<\/p>\n<hr \/>\n<p data-start=\"477\" data-end=\"577\"><strong data-start=\"477\" data-end=\"485\">Falc<\/strong><\/p>\n<p data-start=\"477\" data-end=\"577\">A k\u00e9pkeret azon r\u00e9sze, amelybe a festm\u00e9nyt \u00e9s az \u00fcveget helyezik. Egy t\u00e9glalap alak\u00fa kiv\u00e1gat a l\u00e9c profilj\u00e1b\u00f3l. K\u00e9t jellemz\u0151 m\u00e9rete van, a falc m\u00e9lys\u00e9ge \u00e9s sz\u00e9less\u00e9ge. A m\u00e9lys\u00e9g hat\u00e1rozza meg, hogy mi az a legnagyobb vastags\u00e1g\u00fa k\u00e9p ami m\u00e9g belef\u00e9r a keretbe, a sz\u00e9less\u00e9g pedig a takar\u00e1s miatt fontos.<\/p>\n<hr \/>\n<p data-start=\"579\" data-end=\"717\"><strong data-start=\"579\" data-end=\"592\">Falcm\u00e9ret<\/strong><\/p>\n<p data-start=\"579\" data-end=\"717\">A keret jellemz\u0151 m\u00e9rete, a k\u00e9t szemben l\u00e9v\u0151 falc t\u00e1vols\u00e1ga. Ez hat\u00e1rozza meg, hogy maxim\u00e1lisan mekkora m\u00e9ret\u0171 k\u00e9p f\u00e9r a keretbe (pl. 60 x 80 cm).<\/p>\n<hr \/>\n<p data-start=\"719\" data-end=\"864\"><strong data-start=\"719\" data-end=\"731\">Famassza <\/strong>vagy<strong data-start=\"719\" data-end=\"731\"> fap\u00e9p<\/strong><\/p>\n<p data-start=\"719\" data-end=\"864\">A blondelmassz\u00e1val megegyez\u0151 funkci\u00f3j\u00fa, de att\u00f3l korszer\u0171bb megold\u00e1s. Nagy finom f\u0171r\u00e9szpor van eloszlatva egy akrilos-old\u00f3szeres k\u00f6t\u0151anyagban, ami l\u00e1gyan gyurma szer\u0171 \u00e1llag\u00fa, j\u00f3l form\u00e1zhat\u00f3. Sz\u00e1rad\u00e1sa ut\u00e1n a farostlemezhez vagy az MDF laphoz hasonl\u00f3 t\u00f6m\u00f6rs\u00e9g\u0171 fa jelleg\u0171 anyagot kapunk ami nagyon k\u00f6nnyen faraghat\u00f3. Meleg\u00edt\u00e9s hat\u00e1s\u00e1ra k\u00e9s\u0151bb is visszapuhul \u00e9s alak\u00edthat\u00f3. Nagy el\u0151nye, hogy lehet velehidegen dolgozni, sz\u00e1rad\u00e1s ut\u00e1n sem v\u00e1lig ridegg\u00e9 \u00e9s a fa mozg\u00e1sait felveszi, ez\u00e9rt nem reped meg.<\/p>\n<hr \/>\n<p data-start=\"866\" data-end=\"1009\"><strong data-start=\"866\" data-end=\"889\">Farkasfogas akaszt\u00f3<\/strong><\/p>\n<p data-start=\"866\" data-end=\"1009\">Olyan akaszt\u00f3elem, amely fogazott szerkezet\u0171 ez\u00e9rt k\u00f6nnyen r\u00e1akad a falba r\u00f6gz\u00edtett sz\u00f6gre vagy csavarra. A k\u00e9pek falrahelyez\u00e9se ezzel az akaszt\u00f3val a legegyszer\u0171bb.<\/p>\n<hr \/>\n<p data-start=\"1011\" data-end=\"1114\"><strong data-start=\"1011\" data-end=\"1025\">Feh\u00e9rarany<\/strong><\/p>\n<p data-start=\"1011\" data-end=\"1114\">Arany, ez\u00fcst, \u00e9s egy\u00e9b f\u00e9mek 13,25 kar\u00e1tos \u00f6tv\u00f6zete. Az ez\u00fcstt\u0151l melegebb s\u00e1rg\u00e1sabb sz\u00edne van, de j\u00f3 kontrasztot alkot a s\u00e1rga arannyal.<\/p>\n<hr \/>\n<p data-start=\"1116\" data-end=\"1219\"><strong data-start=\"1116\" data-end=\"1129\">Feketedi\u00f3 <\/strong>vagy <strong data-start=\"1116\" data-end=\"1129\">amerikai di\u00f3<\/strong><\/p>\n<p data-start=\"1116\" data-end=\"1219\">S\u00f6t\u00e9tbarna sz\u00edn\u0171 di\u00f3fa t\u00edpus, amelyet b\u00fatorgy\u00e1rt\u00e1sban \u00e9s d\u00edsz\u00edt\u0151 munk\u00e1kban alkalmaznak. Olajozott fel\u00fclete m\u00e9ly s\u00f6t\u00e9t v\u00f6r\u00f6sesbarna sz\u00edn\u0171, mely rendk\u00edv\u00fcl eleg\u00e1ns hat\u00e1st ad.<\/p>\n<hr \/>\n<p data-start=\"1221\" data-end=\"1352\"><strong data-start=\"1221\" data-end=\"1250\">Finn falemez (finnkarton)<\/strong><\/p>\n<p data-start=\"1221\" data-end=\"1352\">S\u00e1rg\u00e1s sz\u00edn\u0171 kartonpap\u00edr, mely k\u00fcl\u00f6nb\u00f6z\u0151 vastags\u00e1gokban kaphat\u00f3. Keretez\u00e9sn\u00e9l h\u00e1tlapk\u00e9nt vagy kas\u00edroz\u00e1s alapjak\u00e9nt haszn\u00e1latos.<\/p>\n<hr \/>\n<p data-start=\"1354\" data-end=\"1499\"><strong data-start=\"1354\" data-end=\"1373\">Florentin keret<\/strong><\/p>\n<p data-start=\"1354\" data-end=\"1499\">D\u00edszes, aranyozott olasz keretst\u00edlus, amely Firenze v\u00e1ros\u00e1r\u00f3l kapta nev\u00e9t. Jellegzetesek \u00e1tt\u00f6rt, fodroz\u00f3d\u00f3 visszahajl\u00f3 lev\u00e9lmint\u00e1i, melyeket gyakran val\u00f3di laparanyoz\u00e1ssal d\u00edsz\u00edtettek. Jellemz\u0151en t\u00fckr\u00f6k keretek\u00e9nt alkalmazt\u00e1k, \u00e9s l\u00e9tezik n\u00e9gysz\u00f6gletes, ov\u00e1lis \u00e9s soksz\u00f6g v\u00e1ltozata is.<\/p>\n<hr \/>\n<p data-start=\"1501\" data-end=\"1611\"><strong data-start=\"1501\" data-end=\"1511\">Furn\u00e9r<\/strong><\/p>\n<p data-start=\"1501\" data-end=\"1611\">V\u00e9kony, term\u00e9szetes falemez, jellemz\u0151en j\u00f3 min\u0151s\u00e9g\u0171, \u00e9rt\u00e9kes faanyagb\u00f3l. \u00c1ltal\u00e1ban dekor\u00e1ci\u00f3k\u00e9nt ragasztj\u00e1k egy kev\u00e9sb\u00e9 \u00e9rt\u00e9kes fa alapra.<\/p>\n<hr \/>\n<p data-start=\"1613\" data-end=\"1763\"><strong data-start=\"1613\" data-end=\"1636\">Gal\u00e9ria s\u00ednrendszer<\/strong><\/p>\n<p data-start=\"1613\" data-end=\"1763\">Falra szerelhet\u0151 s\u00ednrendszer, amely lehet\u0151v\u00e9 teszi k\u00e9pek k\u00f6nny\u0171 akaszt\u00e1s\u00e1t \u00e9s mozgat\u00e1s\u00e1t gal\u00e9ri\u00e1kban vagy ki\u00e1ll\u00edt\u00f3termekben. A ki\u00e1ll\u00edt\u00e1s \u00e1trendez\u00e9s\u00e9hez nincs sz\u00fcks\u00e9g a fal f\u00far\u00e1s\u00e1ra, rendk\u00edv\u00fcl rugalmas \u00e9s mobil megold\u00e1s. H\u00e1tr\u00e1nya, hogy a s\u00ednrendszer tartoz\u00e9kak\u00e9nt haszn\u00e1lt sodrony vagy perlonsz\u00e1l l\u00e1tszik a k\u00e9pek m\u00f6g\u00f6tt.<\/p>\n<hr \/>\n<p data-start=\"1765\" data-end=\"1857\"><strong data-start=\"1765\" data-end=\"1782\">Gicle\u00e9 nyomat<\/strong><\/p>\n<p data-start=\"1765\" data-end=\"1857\">A\u00a0gicl\u00e9e\u00a0nyomtat\u00e1s a m\u0171v\u00e9szi nyomtat\u00e1s digit\u00e1lis m\u00f3dszere, tintasugaras nyomtat\u00f3val k\u00e9sz\u00fcl, a legkorszer\u0171bb, m\u00fazeumi min\u0151s\u00e9gben val\u00f3 nyomtat\u00e1st jelenti. A\u00a0gicl\u00e9e\u00a0nyomatok nagy felbont\u00e1sban, pigment b\u00e1zis\u00fa, f\u00e9nynek ellen\u00e1ll\u00f3 tint\u00e1val, savmentes pap\u00edrra k\u00e9sz\u00fclnek.<\/p>\n<hr \/>\n<p data-start=\"1859\" data-end=\"1965\"><strong data-start=\"1859\" data-end=\"1875\">Gipszes d\u00edsz<\/strong><\/p>\n<p data-start=\"1859\" data-end=\"1965\">Gipszb\u0151l k\u00e9sz\u00fclt, \u00f6nt\u00f6tt technik\u00e1val el\u0151\u00e1ll\u00edtott d\u00edsz\u00edt\u0151elemek, amelyek fel\u00fcletd\u00edsz\u00edt\u00e9sre vagy stukk\u00f3z\u00e1sra szolg\u00e1lnak. A massz\u00e1val szemben el\u0151nye, hogy visszahajl\u00f3 form\u00e1kat is ki lehet vele alak\u00edtani. H\u00e1tr\u00e1nya a rendk\u00edv\u00fcl nagy s\u00falya \u00e9s t\u00f6r\u00e9kenys\u00e9ge, illetve aranyoz\u00e1s alapj\u00e1ul nagyon k\u00f6r\u00fclm\u00e9nyesen haszn\u00e1lhat\u00f3.<\/p>\n<hr \/>\n<p data-start=\"1967\" data-end=\"2080\"><strong data-start=\"1967\" data-end=\"1976\">Grund <\/strong>vagy<strong data-start=\"1967\" data-end=\"1976\"> Gesso<\/strong><\/p>\n<p data-start=\"1967\" data-end=\"2080\">Kr\u00e9tapor alap\u00fa, enyv k\u00f6t\u0151anyag\u00fa alapoz\u00f3 fest\u00e9k, amelyet a fed\u0151fest\u00e9k vagy az aranyoz\u00e1s el\u0151tt, festett vagy sz\u00f3rt techink\u00e1val visznek fel a jobb tapad\u00e1s \u00e9s a fa erezet\u00e9nek elfed\u00e9se \u00e9rdek\u00e9ben. A felvitt gesso r\u00e9teget csiszol\u00e1ssal kell el\u0151k\u00e9sz\u00edteni a tov\u00e1bbi r\u00e9tegek felhord\u00e1sa el\u0151tt.<\/p>\n<hr \/>\n<p data-start=\"2082\" data-end=\"2204\"><strong data-start=\"2082\" data-end=\"2095\">Gy\u00f6ngysor<\/strong><\/p>\n<p data-start=\"2082\" data-end=\"2204\">D\u00edsz\u00edt\u0151 elem, apr\u00f3, g\u00f6mb alak\u00fa gy\u00f6ngy\u00f6k sorozata, amelyet keretek vagy m\u00e1s t\u00e1rgyak d\u00edsz\u00edt\u00e9s\u00e9re haszn\u00e1lnak. A klasszicista st\u00edlus\u00fa keretek gyakori d\u00edsze.<\/p>\n<hr \/>\n<p data-start=\"2206\" data-end=\"2306\"><strong data-start=\"2206\" data-end=\"2219\">Habkarton<\/strong><\/p>\n<p data-start=\"2206\" data-end=\"2306\">K\u00e9t oldal\u00e1n pap\u00edrral kas\u00edrozott, polisztirol hablemez. Felhaszn\u00e1lhat\u00f3 nyomatok hordoz\u00f3jak\u00e9nt, bel\u00f3gatott grafik\u00e1k k\u00e9sz\u00edt\u00e9s\u00e9re, belt\u00e9ren, ak\u00e1r keret n\u00e9lk\u00fcli megold\u00e1sk\u00e9nt is. L\u00e9tezik k\u00e9t oldal\u00e1n alum\u00ednium f\u00f3li\u00e1val er\u0151s\u00edtett verzi\u00f3ja, ami ellen\u00e1ll\u00f3bb a benyom\u00f3d\u00e1sok \u00e9s s\u00e9r\u00fcl\u00e9sek ellen, \u00e9s nagyobb merevs\u00e9get is biztos\u00edt.<\/p>\n<hr \/>\n<p data-start=\"2308\" data-end=\"2413\"><strong data-start=\"2308\" data-end=\"2318\">H\u00e1rsfa<\/strong><\/p>\n<p data-start=\"2308\" data-end=\"2413\">Alacsony s\u0171r\u0171s\u00e9g\u0171 puha, homog\u00e9n strukt\u00far\u00e1val. K\u00f6nnyen megmunk\u00e1lhat\u00f3 fafajta, a fafarag\u00e1s \u00e9s faszobr\u00e1szat kedvelt alapanyaga. A f\u0171r\u00e9sz\u00e1ruban nincsenek nagy fesz\u00fclts\u00e9gek \u00e9s kev\u00e9s g\u00f6cs jellemzi, ez\u00e9rt a k\u00e9pkeret k\u00e9sz\u00edt\u00e9s kiv\u00e1l\u00f3 alapanyaga.<\/p>\n<hr \/>\n<p data-start=\"2415\" data-end=\"2504\"><strong data-start=\"2415\" data-end=\"2432\">Holland keret<\/strong><\/p>\n<p data-start=\"2415\" data-end=\"2504\">N\u00e9metalf\u00f6ldi \u00e9s n\u00e9met ter\u00fcleten elterjedt, a XVI-XVII. sz\u00e1zadban n\u00e9pszer\u0171 k\u00e9pkerett\u00edpus. Az olasz, faragott, aranyozott k\u00e9pkeretekkel ellent\u00e9tben nem fafarag\u00f3k, hanem b\u00fatorasztalosok k\u00e9sz\u00edtett\u00e9k, ez\u00e9rt a formavil\u00e1g\u00e1ban az akkoriban n\u00e9pszer\u0171, b\u00fatorok d\u00edsz\u00e9\u00fcl szolg\u00e1l\u00f3 hull\u00e1mmint\u00e1k domin\u00e1lnak. Jellegzetes fekete-bord\u00f3 sz\u00edn\u00e9t eredetileg \u00e9benfa vagy egy\u00e9b egzotikus fa berak\u00e1s adta, melyet olykor tekn\u0151sp\u00e1nc\u00e9llal vagy elef\u00e1ntcsonttal kombin\u00e1ltak.<\/p>\n<hr \/>\n<p data-start=\"2506\" data-end=\"2615\"><strong data-start=\"2506\" data-end=\"2528\">Hossztoldott feny\u0151<\/strong><\/p>\n<p data-start=\"2506\" data-end=\"2615\">Olyan borovi, luc vagy egy\u00e9b feny\u0151 faanyag amit r\u00f6videbb darabokb\u00f3l csapolt illeszt\u00e9sekkel egyes\u00edtenek, hogy hosszabb l\u00e9cet kapjanak. A cseh \u00e9s lengyel k\u00e9pkeretgy\u00e1rak jellemz\u0151en hossztoldott feny\u0151vel dolgoznak. A tr\u00f3pusi f\u00e1n\u00e1l s\u0171r\u0171bb, nehezebb faanyag. Ha kev\u00e9s alapoz\u00f3 ker\u00fcl az anyagra, a hossztold\u00e1sok a v\u00e9gleges fel\u00fcleten is l\u00e1tsz\u00f3dhatnak.<\/p>\n<hr \/>\n<p data-start=\"2617\" data-end=\"2738\"><strong data-start=\"2617\" data-end=\"2631\">Idegencsap<\/strong><\/p>\n<p data-start=\"2617\" data-end=\"2738\">Olyan k\u00f6t\u0151elem ami jellemz\u0151en kem\u00e9nyf\u00e1b\u00f3l k\u00e9sz\u00fcl, de idegencsapnak nevezik a fatiplit \u00e9s a lamello vagy domino rendszer\u0171 k\u00f6t\u0151elemeket is. K\u00e9t m\u00e1sik fadarab \u00f6sszeilleszt\u00e9s\u00e9re haszn\u00e1lj\u00e1k, a hagyom\u00e1nyos csap-csapr\u00e9s rendszer\u0171 csapol\u00e1sn\u00e1l kev\u00e9sb\u00e9 munkaig\u00e9nyes. Nat\u00far keretek sarkai eset\u00e9ben gyakran alkalmaznak kem\u00e9nyfa idegencsapot, mely amellett, hogy er\u0151s\u00edti a sarkokat, eszt\u00e9tikailag is kedvez\u0151.<\/p>\n<hr \/>\n<p data-start=\"2740\" data-end=\"2892\"><strong data-start=\"2740\" data-end=\"2766\">Impresszionista keret<\/strong><\/p>\n<p>A XIX. sz\u00e1zad k\u00f6zep\u00e9n a m\u0171keresked\u0151k felismert\u00e9k, hogy az \u00fajszer\u0171nek sz\u00e1m\u00edt\u00f3 impresszionista festm\u00e9nyek nagyobb elfogad\u00e1sra tal\u00e1lnak a k\u00f6z\u00f6ns\u00e9g k\u00f6r\u00e9ben, ha a kor \u00edzl\u00e9s\u00e9nek megfelel\u0151, d\u00edszes aranyozott keretekben mutatj\u00e1k be \u0151ket. A hagyom\u00e1nyos aranyfel\u00fcletet r\u00e9szlegesen \u00e1tfestett\u00e9k a feh\u00e9r, az okker \u00e9s az umbra \u00e1rnyalataival, hogy kapcsolatot teremtsenek a k\u00e9p sz\u00ednvil\u00e1g\u00e1val, \u00edgy er\u0151s\u00edtve a m\u0171 egys\u00e9ges vizu\u00e1lis hat\u00e1s\u00e1t.<\/p>\n<p>This technique remains a popular choice for framing Impressionist-style works to this day.<\/p>\n<hr \/>\n<p data-start=\"2894\" data-end=\"3012\"><strong data-start=\"2894\" data-end=\"2906\">Intarzia<\/strong><\/p>\n<p data-start=\"2894\" data-end=\"3012\">D\u00edsz\u00edt\u0151 technika, amely sor\u00e1n k\u00fcl\u00f6nb\u00f6z\u0151 fafajt\u00e1kb\u00f3l vagy faanyagokb\u00f3l apr\u00f3, prec\u00edz darabokat illesztenek \u00f6ssze \u00fagy, hogy azok mint\u00e1zatot vagy k\u00e9pet alkossanak a fel\u00fcleten. Ez a m\u00f3dszer egyfajta fa mozaiknak tekinthet\u0151, amelyet b\u00fatorokon, k\u00e9pkereteken, \u00e9s egy\u00e9b faipari term\u00e9keken alkalmaznak. Az intarzia a fel\u00fcletbe be\u00e9p\u00edtett d\u00edsz\u00edt\u00e9s, nem festett, hanem a fa term\u00e9szetes sz\u00edn- \u00e9s erezetk\u00fcl\u00f6nbs\u00e9geit haszn\u00e1lja ki a mint\u00e1zat kialak\u00edt\u00e1s\u00e1hoz.<\/p>\n<hr \/>\n<p data-start=\"3014\" data-end=\"3109\"><strong data-start=\"3014\" data-end=\"3027\">Jap\u00e1nak\u00e1c<\/strong><\/p>\n<p data-start=\"3014\" data-end=\"3109\">M\u00e1s n\u00e9ven pagodafa. A t\u00f6lgyf\u00e1hoz hasonl\u00f3 tulajdons\u00e1gokkal b\u00edr\u00f3 kem\u00e9ny faanyag, de erezet\u00e9ben jellegzetes s\u00e1rg\u00e1s alapon s\u00f6t\u00e9tbarna cs\u00edkos.<\/p>\n<hr \/>\n<p data-start=\"3111\" data-end=\"3210\"><strong data-start=\"3111\" data-end=\"3129\">Karika akaszt\u00f3<\/strong><\/p>\n<p data-start=\"3111\" data-end=\"3210\">Kulcskarik\u00e1hoz hasonl\u00f3 akaszt\u00f3elem, amit a k\u00e9pkeret faanyag\u00e1ba k\u00e9zi er\u0151vel lehet becsavarni. T\u00f6bbf\u00e9le m\u00e9retben kaphat\u00f3. A facsavaros akaszt\u00f3kn\u00e1l gyeng\u00e9bb, kisebb, k\u00f6nnyebb k\u00e9pek eset\u00e9n aj\u00e1nlott. T\u00f6bbsz\u00f6ri ki- \u00e9s becsavar\u00e1s ut\u00e1n a f\u00e1ban v\u00e1jt csavarmenet elkophat, \u00e9s az akaszt\u00f3 k\u00f6nnyen kiszakadhat.<\/p>\n<hr \/>\n<p data-start=\"3212\" data-end=\"3329\"><strong data-start=\"3212\" data-end=\"3225\">Kas\u00edroz\u00e1s<\/strong><\/p>\n<p data-start=\"3212\" data-end=\"3329\">Kas\u00edroz\u00e1snak nevezz\u00fck egy pap\u00edrk\u00e9p teljes fel\u00fclet\u0171, nem visszaford\u00edthat\u00f3 felragaszt\u00e1s\u00e1t egy merevebb hordoz\u00f3lemezre. Csak k\u00f6nnyen reproduk\u00e1lhat\u00f3 k\u00e9pek eset\u00e9n aj\u00e1nljuk, m\u0171v\u00e9szi \u00e9rt\u00e9kkel b\u00edr\u00f3 eredeti k\u00e9pek eset\u00e9ben nem javasoljuk.<\/p>\n<hr \/>\n<p data-start=\"3331\" data-end=\"3395\"><strong data-start=\"3331\" data-end=\"3343\">K\u00e9pm\u00e9ret<\/strong><\/p>\n<p data-start=\"3331\" data-end=\"3395\">A festm\u00e9ny vagy k\u00e9p fel\u00fclet\u00e9nek t\u00e9nyleges m\u00e9rete. A k\u00e9pet mindig t\u00f6bb helyen is megm\u00e9rj\u00fck az adott oldal ment\u00e9n. Az \u00e1tl\u00f3k megm\u00e9r\u00e9s\u00e9vel \u00e9s \u00f6sszehasonl\u00edt\u00e1s\u00e1val lehet a k\u00e9p der\u00e9ksz\u00f6gess\u00e9g\u00e9t is ellen\u0151rizni. Ez ut\u00f3bbi \u00e1ltal\u00e1ban vakr\u00e1m\u00e1s v\u00e1szonk\u00e9pek eset\u00e9n lehet probl\u00e1ma.<\/p>\n<hr \/>\n<p data-start=\"3397\" data-end=\"3477\"><strong data-start=\"3397\" data-end=\"3412\">K\u00fcls\u0151 m\u00e9ret<\/strong><\/p>\n<p data-start=\"3397\" data-end=\"3477\">A k\u00e9pkeret teljes k\u00fcls\u0151 m\u00e9rete. Keretezett t\u00fckr\u00f6k eset\u00e9ben gyakori a k\u00fcls\u0151 m\u00e9retre rendel\u00e9s, mivel \u00e1ltal\u00e1ban a falon l\u00e9v\u0151 hely alapj\u00e1n lehet meghat\u00e1rozni, hogy mekkora t\u00fckr\u00f6t szeretn\u00e9nk.<\/p>\n<hr \/>\n<p data-start=\"3397\" data-end=\"3477\"><strong>Laparany<\/strong><\/p>\n<p data-start=\"3397\" data-end=\"3477\">A f\u00e9nyaranyoz\u00e1s klasszikus alapanyaga, 23,75 ct aranytartalm\u00fa, 8 x 8 cm m\u00e9ret\u0171, mikron vastags\u00e1g\u00fa aranylapok. Kezel\u00e9s\u00e9hez speci\u00e1lis eszk\u00f6z\u00f6k \u00e9s nagy szaktud\u00e1s sz\u00fcks\u00e9ges. Csak k\u00fcl\u00f6n erre a c\u00e9lra k\u00e9sz\u00fclt m\u00f3kussz\u0151r ecsettel lehet felvenni \u00e9s a fel\u00fcletre helyezni. L\u00e9tezik feh\u00e9rarany \u00e9s ez\u00fcst v\u00e1ltozata is.<\/p>\n<hr \/>\n<p data-start=\"3479\" data-end=\"3614\"><strong data-start=\"3479\" data-end=\"3495\">L\u00e1tsz\u00f3 m\u00e9ret<\/strong><\/p>\n<p data-start=\"3479\" data-end=\"3614\">A k\u00e9pkeret legbels\u0151 m\u00e9rete, teh\u00e1t az a m\u00e9ret ami a keretezett k\u00e9pb\u0151l ki fog l\u00e1tszani. A biztons\u00e1gos belehelyez\u00e9s miatt t\u00e1blak\u00e9pek eset\u00e9ben oldalank\u00e1nt 3-5 mm, v\u00e1szonk\u00e9pek eset\u00e9ben 5-10 mm takar\u00e1ssal dolgozunk.<\/p>\n<hr \/>\n<p data-start=\"3616\" data-end=\"3694\"><strong data-start=\"3616\" data-end=\"3630\">M\u00f3kusecset<\/strong><\/p>\n<p data-start=\"3616\" data-end=\"3694\">Az aranyoz\u00e1s sor\u00e1n az aranylapok felkap\u00e1s\u00e1hoz \u00e9s felrak\u00e1s\u00e1hoz haszn\u00e1lt sz\u00e9les, lapos ecset. Klasszikusan m\u00f3kussz\u0151rb\u0151l k\u00e9sz\u00fcl, de l\u00e9tezik szintetikus v\u00e1ltozata is. Haszn\u00e1lat\u00e1hoz hajhoz vagy b\u0151rh\u00f6z kell \u00e9rinteni, hogy a b\u0151r\u00f6n l\u00e9v\u0151 kis mennis\u00e9g\u0171 olaj \u00e9s az elektrosztatikus hat\u00e1s mag\u00e1hoz vonzza az aranylapokat.<\/p>\n<hr \/>\n<p data-start=\"3696\" data-end=\"3774\"><strong data-start=\"3696\" data-end=\"3715\">Morzsa d\u00edsz\u00edt\u00e9s<\/strong><\/p>\n<p data-start=\"3696\" data-end=\"3774\">Szemcs\u00e9s vagy morzsaszer\u0171 d\u00edsz\u00edt\u0151elem a fel\u00fcleten. A beragaszt\u00f3zott fel\u00fcletbe homokot vagy gr\u00edzt sz\u00f3rnak, majd ezen k\u00e9sz\u00fcl el az alapoz\u00e1s.<\/p>\n<hr \/>\n<p data-start=\"3776\" data-end=\"3884\"><strong data-start=\"3776\" data-end=\"3792\">M\u00fazeumi \u00fcveg<\/strong><\/p>\n<p data-start=\"3776\" data-end=\"3884\">K\u00fcl\u00f6nleges, 70 vagy 99%-os UV v\u00e9delm\u0171, t\u00fckr\u00f6z\u0151d\u00e9smentes bevonattal ell\u00e1tott \u00fcveg, amelyet m\u0171alkot\u00e1sok v\u00e9delm\u00e9re haszn\u00e1lnak. Teljesen v\u00edztiszta sz\u00edn\u0171, a norm\u00e1l \u00fcveggel ellent\u00e9tben nem ad a k\u00e9pnek halv\u00e1ny z\u00f6ldes \u00e1rnyalatot. Mattos fel\u00fclet\u0171 k\u00e9pek (pl. gouache vagy tempera) eset\u00e9ben \u201elakkr\u00e9tegk\u00e9nt\u201d funkcion\u00e1l, seg\u00edt elm\u00e9ly\u00edteni a festm\u00e9ny sz\u00edneit.<\/p>\n<hr \/>\n<p data-start=\"3886\" data-end=\"4008\"><strong data-start=\"3886\" data-end=\"3898\">Olajoz\u00e1s<\/strong><\/p>\n<p data-start=\"3886\" data-end=\"4008\">Fa fel\u00fcletkezel\u00e9si elj\u00e1r\u00e1s, amely sor\u00e1n olajat visznek fel a f\u00e1ra a v\u00e9delem \u00e9s sz\u00e9p f\u00e9ny el\u00e9r\u00e9se \u00e9rdek\u00e9ben. K\u00fcl\u00f6nb\u00f6z\u0151 olajokat lehet erre a c\u00e9lra haszn\u00e1lni, kereteink eset\u00e9ben a narancs h\u00e9j\u00e1b\u00f3l kinyert kem\u00e9nyolajat haszn\u00e1lunk ilyen c\u00e9lra.<\/p>\n<hr \/>\n<p data-start=\"3886\" data-end=\"4008\"><strong data-start=\"4010\" data-end=\"4030\">\u00d6k\u00f6rszemes keret<\/strong><\/p>\n<p data-start=\"3886\" data-end=\"4008\">A Biedermeier-korban n\u00e9pszer\u0171 kerett\u00edpus, amelyet faragott \u00f6k\u00f6rszem mot\u00edvumok \u00e9s sz\u00edvl\u00e9cek d\u00edsz\u00edtenek. Jellegzetesen homor\u00fa, magas profil\u00fa keret, amelyet leggyakrabban portr\u00e9khoz haszn\u00e1ltak. Nev\u00e9t a d\u00edsz\u00edt\u00e9seken megjelen\u0151, g\u00f6mb\u00f6ly\u0171, szemre eml\u00e9keztet\u0151 form\u00e1kr\u00f3l kapta.<\/p>\n<hr \/>\n<p data-start=\"4111\" data-end=\"4231\"><strong data-start=\"4111\" data-end=\"4141\">\u00d6sszedolgozott sark\u00fa keret<\/strong><\/p>\n<p data-start=\"4111\" data-end=\"4231\">Olyan k\u00e9pkeret, amelynek sarkain a r\u00e9seket az alapoz\u00e1s \u00e9s fel\u00fcletkezel\u00e9s el\u0151tt t\u00f6m\u00edtett\u00e9k, \u00f6sszedolgozt\u00e1k, ezzel olyan hat\u00e1st \u00e9rve el, mintha egy darabb\u00f3l k\u00e9sz\u00fclt volna az eg\u00e9sz keret. Mindig egyedi m\u00e9ret alapj\u00e1n, megrendel\u00e9sre k\u00e9sz\u00fcl el. Mivel minden rendel\u00e9s egyedi, teljes k\u00f6r\u0171en szem\u00e9lyre szabhat\u00f3 a sz\u00ednez\u00e9s, antikol\u00e1s.<\/p>\n<hr \/>\n<p data-start=\"4233\" data-end=\"4343\"><strong data-start=\"4233\" data-end=\"4246\">Paszpartu<\/strong><\/p>\n<p>Paszpartunak\u00a0nevezz\u00fck a kereten bel\u00fcli szeg\u00e9lyt, mely leggyakrabban kartonpap\u00edrb\u00f3l k\u00e9sz\u00fcl, \u00e9s els\u0151sorban\u00a0pap\u00edrk\u00e9pek\u00a0eset\u00e9ben javasoljuk. Fontos szerepet t\u00f6lt be a k\u00e9pkeretez\u00e9sben, mind eszt\u00e9tikai, mind v\u00e9delmi szempontb\u00f3l.<\/p>\n<p>Els\u0151dleges funkci\u00f3ja, hogy\u00a0t\u00e9rbeli elv\u00e1laszt\u00e1st\u00a0biztos\u00edt a k\u00e9p \u00e9s az \u00fcveg k\u00f6z\u00f6tt, \u00edgy megel\u0151zhet\u0151 a k\u00e9p fel\u00fclet\u00e9nek s\u00e9r\u00fcl\u00e9se vagy pen\u00e9szesed\u00e9se. Emellett\u00a0kiemeli\u00a0a k\u00e9pet, ir\u00e1ny\u00edtja a n\u00e9z\u0151 figyelm\u00e9t, \u00e9s harmoniz\u00e1l a keret \u00e9s a k\u00e9p sz\u00ednvil\u00e1g\u00e1val, st\u00edlus\u00e1val. A paszpartu seg\u00edt abban is, hogy a k\u00e9p jobban \u00e9rv\u00e9nyes\u00fclj\u00f6n a falon, illetve optikailag \u201el\u00e9legezni\u201d hagyja azt. T\u00f6bbf\u00e9le sz\u00ednben, vastags\u00e1gban \u00e9s min\u0151s\u00e9gben el\u00e9rhet\u0151.<\/p>\n<hr \/>\n<p data-start=\"4345\" data-end=\"4459\"><strong data-start=\"4345\" data-end=\"4358\">Patin\u00e1z\u00e1s<\/strong><\/p>\n<p data-start=\"4345\" data-end=\"4459\">A k\u00e9pkeret term\u00e9szetes \u00f6reged\u00e9s\u00e9t imit\u00e1l\u00f3 fel\u00fcletkezel\u00e9si elj\u00e1r\u00e1s. Az aranyozott \u00e9s ez\u00fcst\u00f6z\u00f6tt fel\u00fcleteket koptat\u00e1ssal, \u00e9s k\u00fcl\u00f6nb\u00f6z\u0151 \u00f6sszet\u00e9tel\u0171 \u00e9s sz\u00edn\u0171 v\u00e9kony fest\u00e9kr\u00e9tegekkel patin\u00e1zzuk a k\u00edv\u00e1nt hat\u00e1s el\u00e9r\u00e9se \u00e9rdek\u00e9ben.<\/p>\n<hr \/>\n<p data-start=\"4461\" data-end=\"4571\"><strong data-start=\"4461\" data-end=\"4475\">Perlonsz\u00e1l<\/strong><\/p>\n<p data-start=\"4461\" data-end=\"4571\">A gal\u00e9ria s\u00ednrendszerek er\u0151s, v\u00e9kony, \u00e1tl\u00e1tsz\u00f3 m\u0171anyag f\u00fcggeszt\u0151eleme. Teherb\u00edr\u00e1sa (max. 15 kg) kisebb mint a f\u00e9msodronyos f\u00fcggeszt\u0151\u00e9 (max. 25 kg), de eszt\u00e9tikailag kedvez\u0151bb hat\u00e1s\u00fa.<\/p>\n<hr \/>\n<p data-start=\"4573\" data-end=\"4666\"><strong data-start=\"4573\" data-end=\"4585\">Poliment <\/strong>vagy<strong data-start=\"4573\" data-end=\"4585\"> b\u00f3lusz<\/strong><\/p>\n<p data-start=\"4573\" data-end=\"4666\">A f\u00e9nyaranyozs\u00e1 sor\u00e1n alkalmazott ragaszt\u00f3anyag, ami az alapozott fel\u00fclethez k\u00f6ti az aranyf\u00fcst lapokat. V\u00f6r\u00f6s, s\u00e1rga vagy fekete agyagpor \u00e9s valamilyen k\u00f6t\u0151anyag kever\u00e9k\u00e9b\u00f3l \u00e1ll. Ez a k\u00f6t\u0151anyag lehet \u00e1llati eredet\u0171 enyv, vagy toj\u00e1sfeh\u00e9rje, de l\u00e9teznek szintetikus megold\u00e1sok is. Tapasztalatunk szerint a legjobb eredm\u00e9nyt az eredeti \u00e9rlelt toj\u00e1sfeh\u00e9rj\u00e9s recepttel lehet el\u00e9rni.<\/p>\n<hr \/>\n<p data-start=\"4668\" data-end=\"4759\"><strong data-start=\"4668\" data-end=\"4680\">Poncol\u00e1s<\/strong><\/p>\n<p data-start=\"4668\" data-end=\"4759\">D\u00edsz\u00edt\u0151 technika, amely sor\u00e1n kalap\u00e1ccsal \u00e9s egy hegyes pontoz\u00f3 szersz\u00e1mmal apr\u00f3l\u00e9kos mint\u00e1kat \u00fctnek a fel\u00fcletbe. \u00c1ltal\u00e1ban aranyozott fel\u00fcleteken alkalmazz\u00e1k.<\/p>\n<hr \/>\n<p data-start=\"4761\" data-end=\"4820\"><strong data-start=\"4761\" data-end=\"4774\">Sarokd\u00edsz<\/strong><br data-start=\"4774\" data-end=\"4777\" \/>A k\u00e9pkeret sarkain elhelyezett d\u00edsz\u00edt\u0151elem, az egyedi k\u00e9sz\u00edt\u00e9s\u0171 keretek fontos ism\u00e9rve. A g\u00e9rbev\u00e1gott keretek eset\u00e9ben gyakran a v\u00e1g\u00e1si vonal \u00f6sszedolgoz\u00e1s\u00e1ra alkalmazz\u00e1k, enn\u00e9l fogva a sarokd\u00edszes keretek \u00e1tszab\u00e1sa nagyon k\u00f6r\u00fclm\u00e9nyes folyamat is lehet.<\/p>\n<hr \/>\n<p data-start=\"4822\" data-end=\"4882\"><strong data-start=\"4822\" data-end=\"4834\">Sarokvas<\/strong><\/p>\n<p data-start=\"4822\" data-end=\"4882\">Olyan 90 fokban hajl\u00edtott laposvas, amit a der\u00e9ksz\u00f6gben csatlakoz\u00f3 elemek tart\u00f3s, stabil r\u00f6gz\u00edt\u00e9s\u00e9re haszn\u00e1lnak. Nagy m\u00e9retek vagy filigr\u00e1n profilok eset\u00e9n alkalmazzuk.<\/p>\n<hr \/>\n<p data-start=\"4884\" data-end=\"4985\"><strong data-start=\"4884\" data-end=\"4899\">Schlagmetal<\/strong><\/p>\n<p data-start=\"4884\" data-end=\"4985\">Az val\u00f3di arany \u00e9s ez\u00fcst lapok imit\u00e1l\u00e1s\u00e1ra szolg\u00e1l\u00f3 s\u00e1rgar\u00e9z \u00e9s alum\u00ednium anyag\u00fa nagyon v\u00e9kony f\u00e9mlap. A lakkoz\u00e1ssal el\u0151k\u00e9sz\u00edtett fel\u00fcletre egy ragaszt\u00f3r\u00e9teg seg\u00edts\u00e9g\u00e9vel lehet felvinni. Pol\u00edroz\u00e1st nem ig\u00e9nyel, de f\u00e9nye sosem \u00e9ri el a pol\u00edrozott f\u00e9nyarany csillog\u00e1s\u00e1t. A k\u00e9s\u0151bbi s\u00e9r\u00fcl\u00e9seket kop\u00e1sokat megel\u0151zend\u0151, mindig v\u00e9d\u0151lakkot ig\u00e9nyel.<\/p>\n<hr \/>\n<p data-start=\"4987\" data-end=\"5067\"><strong data-start=\"4987\" data-end=\"4997\">Sellak<\/strong><\/p>\n<p data-start=\"4987\" data-end=\"5067\">\u00c1llati eredet\u0171 gyanta, amit a lakktet\u0171 v\u00e1lad\u00e9k\u00e1b\u00f3l \u00e1ll\u00edtanak el\u0151. Sokf\u00e9le ipari alkalmaz\u00e1sa mellett szeszes oldat\u00e1t az asztalosiparban fa fel\u00fcletek kezel\u00e9s\u00e9re, v\u00e9delm\u00e9re haszn\u00e1lj\u00e1k v\u00e9kony r\u00e9tegekben, ezt nevezik polit\u00faroz\u00e1snak.<\/p>\n<hr \/>\n<p data-start=\"5069\" data-end=\"5199\"><strong data-start=\"5069\" data-end=\"5082\">Sgrafitto<\/strong><\/p>\n<p data-start=\"5069\" data-end=\"5199\">Az olasz renesz\u00e1nszban gyakran alkalmazott d\u00edsz\u00edt\u0151technika. A fel\u00fcletet el\u0151bb aranyozz\u00e1k, majd fekete vagy bord\u00f3 fest\u00e9ssel vonj\u00e1k be. A d\u00edsz\u00edt\u0151 ornamentik\u00e1t felrajzolj\u00e1k, majd visszakaparj\u00e1k a fest\u00e9ket a k\u00edv\u00e1nt helyekr\u0151l, \u00edgy az aranyozott fel\u00fclet el\u0151t\u0171nik. Stencilezett megold\u00e1ssal helyettes\u00edteni lehet a munkaig\u00e9nyes visszakapar\u00e1st \u00e9s rajzol\u00e1st.<\/p>\n<hr \/>\n<p data-start=\"5201\" data-end=\"5318\"><strong data-start=\"5201\" data-end=\"5209\">Slip<\/strong><\/p>\n<p data-start=\"5201\" data-end=\"5318\">A paszpartu ablak\u00e1ba helyezhet\u0151 v\u00e9kony arany vagy ez\u00fcst sz\u00edn\u0171 d\u00edszl\u00e9c. Vizu\u00e1lis elv\u00e1laszt\u00e1st ad a paszpartu \u00e9s a k\u00e9p k\u00f6z\u00f6tt, \u00e9s cs\u00fascf\u00e9nyk\u00e9nt m\u00e9g ink\u00e1bb a m\u0171re ir\u00e1ny\u00edtja a figyelmet.<\/p>\n<hr \/>\n<p data-start=\"5320\" data-end=\"5376\"><strong data-start=\"5320\" data-end=\"5331\">Sord\u00edsz<\/strong><\/p>\n<p data-start=\"5320\" data-end=\"5376\">A k\u00e9pkeret \u00e9l\u00e9t vagy oldal\u00e1t d\u00edsz\u00edt\u0151, ism\u00e9tl\u0151d\u0151 mint\u00e1zat\u00fa ornamentika.<\/p>\n<hr \/>\n<p data-start=\"5378\" data-end=\"5503\"><strong data-start=\"5378\" data-end=\"5400\">Tabern\u00e1kulum keret<\/strong><\/p>\n<p data-start=\"5378\" data-end=\"5503\">\u00c9p\u00edtett jelleg\u0171 k\u00e9pkeret ami a szakr\u00e1lis ereklyetart\u00f3k \u00e9s olt\u00e1rk\u00e9pek kereteib\u0151l sz\u00e1rmazik. \u00c1ltal\u00e1ban gazdagon d\u00edsz\u00edtett \u00e9s f\u00e9nyaranyozott. \u00c9p\u00edtszeti tagozatokb\u00f3l \u00e1ll (p\u00e1rk\u00e1nyzat, l\u00e1bazat, oszlopok). A renesz\u00e1nsz korban n\u00e9pszer\u0171 kerett\u00edpus, majd a XIX. sz\u00e1zadi angol preraffaelita mozgalom fedezte fel mag\u00e1nak \u00fajra ezt a st\u00edlust. Magyar m\u0171v\u00e9szek k\u00f6z\u00fcl jellemz\u0151en Gul\u00e1csy Lajos \u00e9s Csontv\u00e1ry-Kosztka Tivadar m\u0171veihez n\u00e9pszer\u0171 v\u00e1laszt\u00e1s.<\/p>\n<hr \/>\n<p data-start=\"5505\" data-end=\"5588\"><strong data-start=\"5505\" data-end=\"5516\">Takar\u00e1s<\/strong><\/p>\n<p data-start=\"5505\" data-end=\"5588\">A k\u00e9p sz\u00e9l\u00e9n az a fel\u00fclet amennyit a k\u00e9pkeret eltakar. Keretez\u00e9s sor\u00e1n mindig \u00fagy kell megv\u00e1lasztani, hogy a k\u00e9pet biztons\u00e1ggal bele lehessen helyezni a keretbe, de ne takarjon indokolatlanul a m\u0171b\u0151l. K\u00fcl\u00f6n\u00f6sen fontos, hogy az al\u00e1\u00edr\u00e1s vagy a kompoz\u00edci\u00f3 szempontj\u00e1b\u00f3l b\u00e1rmely kritikus elem ne legyen eltakarva.<\/p>\n<hr \/>\n<p data-start=\"5590\" data-end=\"5688\"><strong data-start=\"5590\" data-end=\"5602\">T\u00e1vtart\u00f3<\/strong><\/p>\n<p data-start=\"5590\" data-end=\"5688\">A k\u00e9p \u00e9s az \u00fcveg k\u00f6z\u00f6tt paszpartu n\u00e9lk\u00fcli megold\u00e1sok eset\u00e9n t\u00e1vtart\u00f3t kell alkalmazni, hogy a k\u00e9p fest\u00e9kr\u00e9tegei ne ragadjanak az \u00fcvegre. Dobozkeret k\u00e9sz\u00edt\u00e9sn\u00e9l t\u00e1vtart\u00f3t alkalmazunk a doboz m\u00e9lys\u00e9g\u00e9nek megad\u00e1s\u00e1ra. EBben az esetben a t\u00e1vtart\u00f3 lehet a keret vagy a h\u00e1tt\u00e9r anyag\u00e1val megegyez\u0151 anyag\u00fa.<\/p>\n<hr \/>\n<p data-start=\"5690\" data-end=\"5776\"><strong data-start=\"5690\" data-end=\"5701\">T\u00f6lgyfa<\/strong><\/p>\n<p data-start=\"5690\" data-end=\"5776\">Kem\u00e9ny \u00e9s tart\u00f3s fafajta, jellegzetes erezettel, \u00e9s s\u00e1rg\u00e1s sz\u00ednnel. A h\u00e1rsf\u00e1t\u00f3l nehezebben megmunk\u00e1lhat\u00f3 \u00e9s faraghat\u00f3 fafajta, olajozott fel\u00fclete k\u00fcl\u00f6nleges eszt\u00e9tikai \u00e9lm\u00e9nyt ad.<\/p>\n<hr \/>\n<p data-start=\"5778\" data-end=\"5861\"><strong data-start=\"5778\" data-end=\"5789\">Vakr\u00e1ma<\/strong><\/p>\n<p data-start=\"5778\" data-end=\"5861\">\u00c1ltal\u00e1ban f\u00e1b\u00f3l k\u00e9sz\u00fclt fesz\u00edt\u0151keret, amire a fest\u0151v\u00e1sznat fesz\u00edtik. A j\u00f3 vakr\u00e1ma sarkai csapolt kialak\u00edt\u00e1s\u00faak \u00e9s \u00e9kelhet\u0151ek, annak \u00e9rdek\u00e9ben, hogy az id\u0151 m\u00falt\u00e1val meglazult v\u00e1sznat ut\u00f3lag is fesz\u00edteni lehessen. Az \u00e9kel\u00e9shez mindig kem\u00e9nyfa \u00e9keket kell haszn\u00e1lni a tart\u00f3ss\u00e1g \u00e9rdek\u00e9ben. Nagyobb m\u00e9retek eset\u00e9n sz\u00fcks\u00e9gess\u00e9 v\u00e1lhat kereszt- \u00e9s hosszmerev\u00edt\u0151k be\u00e9p\u00edt\u00e9se is, melyeket szint\u00e9n \u00e9kelhet\u0151en kell kialak\u00edtani. A vakr\u00e1ma profilj\u00e1t mindig \u00fagy kell kialak\u00edtani, hogy a v\u00e1szon ne \u00e9rhessen hozz\u00e1 a l\u00e9c bels\u0151 \u00e9l\u00e9hez \u00e9s a merev\u00edt\u0151h\u00f6z, mivel az benyom\u00f3dhat a v\u00e1szonba \u00e9s k\u00e9s\u0151bb szinte lehetetlen elt\u00e1vol\u00edtani.<\/p>\n<hr \/>\n<p data-start=\"5863\" data-end=\"5970\"><strong data-start=\"5863\" data-end=\"5879\">Val\u00f3di arany<\/strong><\/p>\n<p data-start=\"5863\" data-end=\"5970\">A f\u00e9nyaranyoz\u00e1s sor\u00e1n 23,75 ct aranytartalm\u00fa leheletv\u00e9kony aranylapokat haszn\u00e1lnak. Valamennyi \u00f6tv\u00f6z\u0151anyagot annak \u00e9rdek\u00e9ben tartalmaz, hogy az arany megmunk\u00e1lhat\u00f3, kiny\u00fajthat\u00f3 legyen a megfelel\u0151 v\u00e9konys\u00e1gra.<\/p>","protected":false},"excerpt":{"rendered":"<p>Az al\u00e1bbi list\u00e1ban \u00e1b\u00e9c\u00e9 sorrendben gy\u0171jt\u00f6tt\u00fck \u00f6ssze a keretez\u00e9s sor\u00e1n leggyakrabban haszn\u00e1lt szakkifejez\u00e9seket \u00e9s azok jelent\u00e9s\u00e9t, hogy k\u00f6nnyebben \u00e9rthet\u0151v\u00e9 tegy\u00fck \u0151ket. Sok kifejez\u00e9s m\u00e1s-m\u00e1s jelent\u00e9ssel is b\u00edrhat k\u00fcl\u00f6nb\u00f6z\u0151 szakter\u00fcleteken, de mi itt kifejezetten a k\u00e9pkeretez\u00e9shez kapcsol\u00f3d\u00f3 jelent\u00e9s\u00fckre koncentr\u00e1ltunk. &nbsp; Ach\u00e1t k\u0151\u00a0 Az aranyoz\u00e1s sor\u00e1n a m\u00f3kusecsettel felvitt leheletv\u00e9kony aranyf\u00fcstlapok pol\u00edroz\u00e1s\u00e1ra szolg\u00e1l\u00f3 f\u00e9ldr\u00e1ga k\u0151b\u0151l k\u00e9sz\u00fclt szersz\u00e1m. [&hellip;]<\/p>\n","protected":false},"author":2,"featured_media":4141,"comment_status":"open","ping_status":"open","sticky":false,"template":"","format":"standard","meta":{"footnotes":""},"categories":[9],"tags":[],"class_list":["post-4025","post","type-post","status-publish","format-standard","has-post-thumbnail","hentry","category-tudnivalok"],"yoast_head":"<!-- This site is optimized with the Yoast SEO plugin v27.4 - https:\/\/yoast.com\/product\/yoast-seo-wordpress\/ -->\n<title>Keretez\u0151 sz\u00f3t\u00e1r - P\u00e9ter k\u00e9pkeret<\/title>\n<meta name=\"robots\" content=\"index, follow, max-snippet:-1, max-image-preview:large, max-video-preview:-1\" \/>\n<link rel=\"canonical\" href=\"https:\/\/peterkepkeret.hu\/en\/leggyakrabban-hasznalt-szakszavak-jelentese\/\" \/>\n<meta property=\"og:locale\" content=\"en_GB\" \/>\n<meta property=\"og:type\" content=\"article\" \/>\n<meta property=\"og:title\" content=\"Keretez\u0151 sz\u00f3t\u00e1r - P\u00e9ter k\u00e9pkeret\" \/>\n<meta property=\"og:description\" content=\"Az al\u00e1bbi list\u00e1ban \u00e1b\u00e9c\u00e9 sorrendben gy\u0171jt\u00f6tt\u00fck \u00f6ssze a keretez\u00e9s sor\u00e1n leggyakrabban haszn\u00e1lt szakkifejez\u00e9seket \u00e9s azok jelent\u00e9s\u00e9t, hogy k\u00f6nnyebben \u00e9rthet\u0151v\u00e9 tegy\u00fck \u0151ket. Sok kifejez\u00e9s m\u00e1s-m\u00e1s jelent\u00e9ssel is b\u00edrhat k\u00fcl\u00f6nb\u00f6z\u0151 szakter\u00fcleteken, de mi itt kifejezetten a k\u00e9pkeretez\u00e9shez kapcsol\u00f3d\u00f3 jelent\u00e9s\u00fckre koncentr\u00e1ltunk. &nbsp; Ach\u00e1t k\u0151\u00a0 Az aranyoz\u00e1s sor\u00e1n a m\u00f3kusecsettel felvitt leheletv\u00e9kony aranyf\u00fcstlapok pol\u00edroz\u00e1s\u00e1ra szolg\u00e1l\u00f3 f\u00e9ldr\u00e1ga k\u0151b\u0151l k\u00e9sz\u00fclt szersz\u00e1m. [&hellip;]\" \/>\n<meta property=\"og:url\" content=\"https:\/\/peterkepkeret.hu\/en\/leggyakrabban-hasznalt-szakszavak-jelentese\/\" \/>\n<meta property=\"og:site_name\" content=\"P\u00e9ter k\u00e9pkeret\" \/>\n<meta property=\"article:published_time\" content=\"2025-06-27T15:23:47+00:00\" \/>\n<meta property=\"article:modified_time\" content=\"2025-07-04T07:02:23+00:00\" \/>\n<meta property=\"og:image\" content=\"https:\/\/peterkepkeret.hu\/wp-content\/uploads\/2025\/06\/FMP_6441.jpg\" \/>\n\t<meta property=\"og:image:width\" content=\"1920\" \/>\n\t<meta property=\"og:image:height\" content=\"1278\" \/>\n\t<meta property=\"og:image:type\" content=\"image\/jpeg\" \/>\n<meta name=\"author\" content=\"Peter kepkeret\" \/>\n<meta name=\"twitter:card\" content=\"summary_large_image\" \/>\n<meta name=\"twitter:label1\" content=\"Written by\" \/>\n\t<meta name=\"twitter:data1\" content=\"Peter kepkeret\" \/>\n\t<meta name=\"twitter:label2\" content=\"Estimated reading time\" \/>\n\t<meta name=\"twitter:data2\" content=\"15 minutes\" \/>\n<script type=\"application\/ld+json\" class=\"yoast-schema-graph\">{\"@context\":\"https:\\\/\\\/schema.org\",\"@graph\":[{\"@type\":\"Article\",\"@id\":\"https:\\\/\\\/peterkepkeret.hu\\\/leggyakrabban-hasznalt-szakszavak-jelentese\\\/#article\",\"isPartOf\":{\"@id\":\"https:\\\/\\\/peterkepkeret.hu\\\/leggyakrabban-hasznalt-szakszavak-jelentese\\\/\"},\"author\":{\"name\":\"Peter kepkeret\",\"@id\":\"https:\\\/\\\/peterkepkeret.hu\\\/#\\\/schema\\\/person\\\/6d1e6ff3489390b207eb66f92ed01f72\"},\"headline\":\"Keretez\u0151 sz\u00f3t\u00e1r\",\"datePublished\":\"2025-06-27T15:23:47+00:00\",\"dateModified\":\"2025-07-04T07:02:23+00:00\",\"mainEntityOfPage\":{\"@id\":\"https:\\\/\\\/peterkepkeret.hu\\\/leggyakrabban-hasznalt-szakszavak-jelentese\\\/\"},\"wordCount\":4376,\"commentCount\":16,\"image\":{\"@id\":\"https:\\\/\\\/peterkepkeret.hu\\\/leggyakrabban-hasznalt-szakszavak-jelentese\\\/#primaryimage\"},\"thumbnailUrl\":\"https:\\\/\\\/peterkepkeret.hu\\\/wp-content\\\/uploads\\\/2025\\\/06\\\/FMP_6441.jpg\",\"articleSection\":[\"Tudnival\u00f3k\"],\"inLanguage\":\"en-GB\",\"potentialAction\":[{\"@type\":\"CommentAction\",\"name\":\"Comment\",\"target\":[\"https:\\\/\\\/peterkepkeret.hu\\\/leggyakrabban-hasznalt-szakszavak-jelentese\\\/#respond\"]}]},{\"@type\":\"WebPage\",\"@id\":\"https:\\\/\\\/peterkepkeret.hu\\\/leggyakrabban-hasznalt-szakszavak-jelentese\\\/\",\"url\":\"https:\\\/\\\/peterkepkeret.hu\\\/leggyakrabban-hasznalt-szakszavak-jelentese\\\/\",\"name\":\"Keretez\u0151 sz\u00f3t\u00e1r - P\u00e9ter k\u00e9pkeret\",\"isPartOf\":{\"@id\":\"https:\\\/\\\/peterkepkeret.hu\\\/#website\"},\"primaryImageOfPage\":{\"@id\":\"https:\\\/\\\/peterkepkeret.hu\\\/leggyakrabban-hasznalt-szakszavak-jelentese\\\/#primaryimage\"},\"image\":{\"@id\":\"https:\\\/\\\/peterkepkeret.hu\\\/leggyakrabban-hasznalt-szakszavak-jelentese\\\/#primaryimage\"},\"thumbnailUrl\":\"https:\\\/\\\/peterkepkeret.hu\\\/wp-content\\\/uploads\\\/2025\\\/06\\\/FMP_6441.jpg\",\"datePublished\":\"2025-06-27T15:23:47+00:00\",\"dateModified\":\"2025-07-04T07:02:23+00:00\",\"author\":{\"@id\":\"https:\\\/\\\/peterkepkeret.hu\\\/#\\\/schema\\\/person\\\/6d1e6ff3489390b207eb66f92ed01f72\"},\"breadcrumb\":{\"@id\":\"https:\\\/\\\/peterkepkeret.hu\\\/leggyakrabban-hasznalt-szakszavak-jelentese\\\/#breadcrumb\"},\"inLanguage\":\"en-GB\",\"potentialAction\":[{\"@type\":\"ReadAction\",\"target\":[\"https:\\\/\\\/peterkepkeret.hu\\\/leggyakrabban-hasznalt-szakszavak-jelentese\\\/\"]}]},{\"@type\":\"ImageObject\",\"inLanguage\":\"en-GB\",\"@id\":\"https:\\\/\\\/peterkepkeret.hu\\\/leggyakrabban-hasznalt-szakszavak-jelentese\\\/#primaryimage\",\"url\":\"https:\\\/\\\/peterkepkeret.hu\\\/wp-content\\\/uploads\\\/2025\\\/06\\\/FMP_6441.jpg\",\"contentUrl\":\"https:\\\/\\\/peterkepkeret.hu\\\/wp-content\\\/uploads\\\/2025\\\/06\\\/FMP_6441.jpg\",\"width\":1920,\"height\":1278},{\"@type\":\"BreadcrumbList\",\"@id\":\"https:\\\/\\\/peterkepkeret.hu\\\/leggyakrabban-hasznalt-szakszavak-jelentese\\\/#breadcrumb\",\"itemListElement\":[{\"@type\":\"ListItem\",\"position\":1,\"name\":\"Kezd\u0151lap\",\"item\":\"https:\\\/\\\/peterkepkeret.hu\\\/\"},{\"@type\":\"ListItem\",\"position\":2,\"name\":\"Keretez\u0151 sz\u00f3t\u00e1r\"}]},{\"@type\":\"WebSite\",\"@id\":\"https:\\\/\\\/peterkepkeret.hu\\\/#website\",\"url\":\"https:\\\/\\\/peterkepkeret.hu\\\/\",\"name\":\"P\u00e9ter k\u00e9pkeret\",\"description\":\"Nek\u00fcnk m\u0171kincs, \u00d6nnek szem\u00e9lyes t\u00f6rt\u00e9net!\",\"potentialAction\":[{\"@type\":\"SearchAction\",\"target\":{\"@type\":\"EntryPoint\",\"urlTemplate\":\"https:\\\/\\\/peterkepkeret.hu\\\/?s={search_term_string}\"},\"query-input\":{\"@type\":\"PropertyValueSpecification\",\"valueRequired\":true,\"valueName\":\"search_term_string\"}}],\"inLanguage\":\"en-GB\"},{\"@type\":\"Person\",\"@id\":\"https:\\\/\\\/peterkepkeret.hu\\\/#\\\/schema\\\/person\\\/6d1e6ff3489390b207eb66f92ed01f72\",\"name\":\"Peter kepkeret\",\"image\":{\"@type\":\"ImageObject\",\"inLanguage\":\"en-GB\",\"@id\":\"https:\\\/\\\/secure.gravatar.com\\\/avatar\\\/cc25a61941598115d0f3e635ccafc73f26998ef8dc4bd2d439716867c0023b7d?s=96&d=mm&r=g\",\"url\":\"https:\\\/\\\/secure.gravatar.com\\\/avatar\\\/cc25a61941598115d0f3e635ccafc73f26998ef8dc4bd2d439716867c0023b7d?s=96&d=mm&r=g\",\"contentUrl\":\"https:\\\/\\\/secure.gravatar.com\\\/avatar\\\/cc25a61941598115d0f3e635ccafc73f26998ef8dc4bd2d439716867c0023b7d?s=96&d=mm&r=g\",\"caption\":\"Peter kepkeret\"},\"url\":\"https:\\\/\\\/peterkepkeret.hu\\\/en\\\/author\\\/peter-kepkeret\\\/\"}]}<\/script>\n<!-- \/ Yoast SEO plugin. -->","yoast_head_json":{"title":"Keretez\u0151 sz\u00f3t\u00e1r - P\u00e9ter k\u00e9pkeret","robots":{"index":"index","follow":"follow","max-snippet":"max-snippet:-1","max-image-preview":"max-image-preview:large","max-video-preview":"max-video-preview:-1"},"canonical":"https:\/\/peterkepkeret.hu\/en\/leggyakrabban-hasznalt-szakszavak-jelentese\/","og_locale":"en_GB","og_type":"article","og_title":"Keretez\u0151 sz\u00f3t\u00e1r - P\u00e9ter k\u00e9pkeret","og_description":"Az al\u00e1bbi list\u00e1ban \u00e1b\u00e9c\u00e9 sorrendben gy\u0171jt\u00f6tt\u00fck \u00f6ssze a keretez\u00e9s sor\u00e1n leggyakrabban haszn\u00e1lt szakkifejez\u00e9seket \u00e9s azok jelent\u00e9s\u00e9t, hogy k\u00f6nnyebben \u00e9rthet\u0151v\u00e9 tegy\u00fck \u0151ket. Sok kifejez\u00e9s m\u00e1s-m\u00e1s jelent\u00e9ssel is b\u00edrhat k\u00fcl\u00f6nb\u00f6z\u0151 szakter\u00fcleteken, de mi itt kifejezetten a k\u00e9pkeretez\u00e9shez kapcsol\u00f3d\u00f3 jelent\u00e9s\u00fckre koncentr\u00e1ltunk. &nbsp; Ach\u00e1t k\u0151\u00a0 Az aranyoz\u00e1s sor\u00e1n a m\u00f3kusecsettel felvitt leheletv\u00e9kony aranyf\u00fcstlapok pol\u00edroz\u00e1s\u00e1ra szolg\u00e1l\u00f3 f\u00e9ldr\u00e1ga k\u0151b\u0151l k\u00e9sz\u00fclt szersz\u00e1m. [&hellip;]","og_url":"https:\/\/peterkepkeret.hu\/en\/leggyakrabban-hasznalt-szakszavak-jelentese\/","og_site_name":"P\u00e9ter k\u00e9pkeret","article_published_time":"2025-06-27T15:23:47+00:00","article_modified_time":"2025-07-04T07:02:23+00:00","og_image":[{"width":1920,"height":1278,"url":"https:\/\/peterkepkeret.hu\/wp-content\/uploads\/2025\/06\/FMP_6441.jpg","type":"image\/jpeg"}],"author":"Peter kepkeret","twitter_card":"summary_large_image","twitter_misc":{"Written by":"Peter kepkeret","Estimated reading time":"15 minutes"},"schema":{"@context":"https:\/\/schema.org","@graph":[{"@type":"Article","@id":"https:\/\/peterkepkeret.hu\/leggyakrabban-hasznalt-szakszavak-jelentese\/#article","isPartOf":{"@id":"https:\/\/peterkepkeret.hu\/leggyakrabban-hasznalt-szakszavak-jelentese\/"},"author":{"name":"Peter kepkeret","@id":"https:\/\/peterkepkeret.hu\/#\/schema\/person\/6d1e6ff3489390b207eb66f92ed01f72"},"headline":"Keretez\u0151 sz\u00f3t\u00e1r","datePublished":"2025-06-27T15:23:47+00:00","dateModified":"2025-07-04T07:02:23+00:00","mainEntityOfPage":{"@id":"https:\/\/peterkepkeret.hu\/leggyakrabban-hasznalt-szakszavak-jelentese\/"},"wordCount":4376,"commentCount":16,"image":{"@id":"https:\/\/peterkepkeret.hu\/leggyakrabban-hasznalt-szakszavak-jelentese\/#primaryimage"},"thumbnailUrl":"https:\/\/peterkepkeret.hu\/wp-content\/uploads\/2025\/06\/FMP_6441.jpg","articleSection":["Tudnival\u00f3k"],"inLanguage":"en-GB","potentialAction":[{"@type":"CommentAction","name":"Comment","target":["https:\/\/peterkepkeret.hu\/leggyakrabban-hasznalt-szakszavak-jelentese\/#respond"]}]},{"@type":"WebPage","@id":"https:\/\/peterkepkeret.hu\/leggyakrabban-hasznalt-szakszavak-jelentese\/","url":"https:\/\/peterkepkeret.hu\/leggyakrabban-hasznalt-szakszavak-jelentese\/","name":"Keretez\u0151 sz\u00f3t\u00e1r - P\u00e9ter k\u00e9pkeret","isPartOf":{"@id":"https:\/\/peterkepkeret.hu\/#website"},"primaryImageOfPage":{"@id":"https:\/\/peterkepkeret.hu\/leggyakrabban-hasznalt-szakszavak-jelentese\/#primaryimage"},"image":{"@id":"https:\/\/peterkepkeret.hu\/leggyakrabban-hasznalt-szakszavak-jelentese\/#primaryimage"},"thumbnailUrl":"https:\/\/peterkepkeret.hu\/wp-content\/uploads\/2025\/06\/FMP_6441.jpg","datePublished":"2025-06-27T15:23:47+00:00","dateModified":"2025-07-04T07:02:23+00:00","author":{"@id":"https:\/\/peterkepkeret.hu\/#\/schema\/person\/6d1e6ff3489390b207eb66f92ed01f72"},"breadcrumb":{"@id":"https:\/\/peterkepkeret.hu\/leggyakrabban-hasznalt-szakszavak-jelentese\/#breadcrumb"},"inLanguage":"en-GB","potentialAction":[{"@type":"ReadAction","target":["https:\/\/peterkepkeret.hu\/leggyakrabban-hasznalt-szakszavak-jelentese\/"]}]},{"@type":"ImageObject","inLanguage":"en-GB","@id":"https:\/\/peterkepkeret.hu\/leggyakrabban-hasznalt-szakszavak-jelentese\/#primaryimage","url":"https:\/\/peterkepkeret.hu\/wp-content\/uploads\/2025\/06\/FMP_6441.jpg","contentUrl":"https:\/\/peterkepkeret.hu\/wp-content\/uploads\/2025\/06\/FMP_6441.jpg","width":1920,"height":1278},{"@type":"BreadcrumbList","@id":"https:\/\/peterkepkeret.hu\/leggyakrabban-hasznalt-szakszavak-jelentese\/#breadcrumb","itemListElement":[{"@type":"ListItem","position":1,"name":"Kezd\u0151lap","item":"https:\/\/peterkepkeret.hu\/"},{"@type":"ListItem","position":2,"name":"Keretez\u0151 sz\u00f3t\u00e1r"}]},{"@type":"WebSite","@id":"https:\/\/peterkepkeret.hu\/#website","url":"https:\/\/peterkepkeret.hu\/","name":"P\u00e9ter k\u00e9pkeret","description":"For us, it's a piece of art; \nfor you, it's a personal story","potentialAction":[{"@type":"SearchAction","target":{"@type":"EntryPoint","urlTemplate":"https:\/\/peterkepkeret.hu\/?s={search_term_string}"},"query-input":{"@type":"PropertyValueSpecification","valueRequired":true,"valueName":"search_term_string"}}],"inLanguage":"en-GB"},{"@type":"Person","@id":"https:\/\/peterkepkeret.hu\/#\/schema\/person\/6d1e6ff3489390b207eb66f92ed01f72","name":"Peter kepkeret","image":{"@type":"ImageObject","inLanguage":"en-GB","@id":"https:\/\/secure.gravatar.com\/avatar\/cc25a61941598115d0f3e635ccafc73f26998ef8dc4bd2d439716867c0023b7d?s=96&d=mm&r=g","url":"https:\/\/secure.gravatar.com\/avatar\/cc25a61941598115d0f3e635ccafc73f26998ef8dc4bd2d439716867c0023b7d?s=96&d=mm&r=g","contentUrl":"https:\/\/secure.gravatar.com\/avatar\/cc25a61941598115d0f3e635ccafc73f26998ef8dc4bd2d439716867c0023b7d?s=96&d=mm&r=g","caption":"Peter kepkeret"},"url":"https:\/\/peterkepkeret.hu\/en\/author\/peter-kepkeret\/"}]}},"_links":{"self":[{"href":"https:\/\/peterkepkeret.hu\/en\/wp-json\/wp\/v2\/posts\/4025","targetHints":{"allow":["GET"]}}],"collection":[{"href":"https:\/\/peterkepkeret.hu\/en\/wp-json\/wp\/v2\/posts"}],"about":[{"href":"https:\/\/peterkepkeret.hu\/en\/wp-json\/wp\/v2\/types\/post"}],"author":[{"embeddable":true,"href":"https:\/\/peterkepkeret.hu\/en\/wp-json\/wp\/v2\/users\/2"}],"replies":[{"embeddable":true,"href":"https:\/\/peterkepkeret.hu\/en\/wp-json\/wp\/v2\/comments?post=4025"}],"version-history":[{"count":35,"href":"https:\/\/peterkepkeret.hu\/en\/wp-json\/wp\/v2\/posts\/4025\/revisions"}],"predecessor-version":[{"id":4416,"href":"https:\/\/peterkepkeret.hu\/en\/wp-json\/wp\/v2\/posts\/4025\/revisions\/4416"}],"wp:featuredmedia":[{"embeddable":true,"href":"https:\/\/peterkepkeret.hu\/en\/wp-json\/wp\/v2\/media\/4141"}],"wp:attachment":[{"href":"https:\/\/peterkepkeret.hu\/en\/wp-json\/wp\/v2\/media?parent=4025"}],"wp:term":[{"taxonomy":"category","embeddable":true,"href":"https:\/\/peterkepkeret.hu\/en\/wp-json\/wp\/v2\/categories?post=4025"},{"taxonomy":"post_tag","embeddable":true,"href":"https:\/\/peterkepkeret.hu\/en\/wp-json\/wp\/v2\/tags?post=4025"}],"curies":[{"name":"wp","href":"https:\/\/api.w.org\/{rel}","templated":true}]}}