{"id":5940,"date":"2025-12-15T10:07:40","date_gmt":"2025-12-15T10:07:40","guid":{"rendered":"https:\/\/peterkepkeret.hu\/?p=5940"},"modified":"2025-12-15T13:45:53","modified_gmt":"2025-12-15T13:45:53","slug":"amikor-a-keret-a-festmeny-lelke-egy-reneszansz-madonna-melto-kontose","status":"publish","type":"post","link":"https:\/\/peterkepkeret.hu\/en\/amikor-a-keret-a-festmeny-lelke-egy-reneszansz-madonna-melto-kontose\/","title":{"rendered":"Amikor a keret a festm\u00e9ny lelke: Egy renesz\u00e1nsz Madonna m\u00e9lt\u00f3 k\u00f6nt\u00f6se"},"content":{"rendered":"<p>Gyakran mondj\u00e1k, hogy egy festm\u00e9ny keret n\u00e9lk\u00fcl olyan, mint egy l\u00e9lek test n\u00e9lk\u00fcl. A P\u00e9ter K\u00e9pkeret m\u0171hely\u00e9ben mi azonban \u00fagy tartjuk: a megfelel\u0151 keret nem csup\u00e1n testet ad a m\u0171alkot\u00e1snak, hanem <em>otthont<\/em> is. Egy olyan k\u00f6zeget, amelyben a m\u0171t\u00e1rgy nemcsak l\u00e9tezik, hanem ragyog.<\/p>\n<p>Legut\u00f3bbi munk\u00e1nk sor\u00e1n egy k\u00fcl\u00f6nleges id\u0151utaz\u00e1son vett\u00fcnk r\u00e9szt. Egy \u00fcgyfel\u00fcnk egy k\u00fclf\u00f6ldi aukci\u00f3n v\u00e1s\u00e1rolt, leny\u0171g\u00f6z\u0151 sz\u00e9ps\u00e9g\u0171, 15-16. sz\u00e1zadi renesz\u00e1nsz t\u00e1blak\u00e9pet b\u00edzott r\u00e1nk. A \u201eMadonna gyermek\u00e9vel\u201d t\u00edpus\u00fa festm\u00e9ny keret n\u00e9lk\u00fcl \u00e9rkezett, \u201emeztelen\u00fcl\u201d, v\u00e1rva, hogy visszakapja r\u00e9gi f\u00e9ny\u00e9t. Ez a projekt t\u00f6k\u00e9letes p\u00e9ld\u00e1ja annak, hogyan v\u00e1lik a szak\u00e9rt\u0151i tan\u00e1csad\u00e1s \u00e9s a k\u00f6z\u00f6s gondolkod\u00e1s val\u00f3di \u00e9rt\u00e9kn\u00f6vel\u0151 t\u00e9nyez\u0151v\u00e9.<\/p>\n<h2><strong>A meg\u00e9rkez\u00e9s \u00e9s a diagn\u00f3zis<\/strong><\/h2>\n<p>Amikor egy ilyen kor\u00fa \u00e9s n\u00edv\u00f3j\u00fa m\u0171t\u00e1rgy \u00e9rkezik hozz\u00e1nk, az els\u0151 l\u00e9p\u00e9s sosem a mint\u00e1k azonnali mutogat\u00e1sa. Az els\u0151 l\u00e9p\u00e9s a csendes megfigyel\u00e9s \u00e9s a besz\u00e9lget\u00e9s.<\/p>\n<p>A festm\u00e9ny egy finom kidolgoz\u00e1s\u00fa, szakr\u00e1lis t\u00e9ma volt, b\u00e1r nem egy vil\u00e1gh\u00edr\u0171 mester szign\u00e1lt alkot\u00e1sa, kvalit\u00e1sa \u00e9s kora vitathatatlan \u00e9rt\u00e9ket k\u00e9pviselt. A legfontosabb k\u00e9rd\u00e9s, amit ilyenkor tiszt\u00e1znunk kell az \u00fcgyf\u00e9llel: <strong>Mi a m\u0171t\u00e1rgy sorsa?<\/strong><\/p>\n<p>A v\u00e1lasz d\u00f6nt\u0151 jelent\u0151s\u00e9g\u0171 a tervez\u00e9sben:<\/p>\n<ul>\n<li><strong>Ha befektet\u00e9si c\u00e9llal, tov\u00e1bb\u00e9rt\u00e9kes\u00edt\u00e9sre k\u00e9sz\u00fcl:<\/strong> Ilyenkor egy visszafogottabb, \u201ebiztons\u00e1gi\u201d keretez\u00e9st javaslunk, amely a lehet\u0151 legsz\u00e9lesebb v\u00e1s\u00e1rl\u00f3i r\u00e9teg \u00edzl\u00e9s\u00e9nek megfelel, \u00e9s tekint\u00e9lyt parancsol\u00f3, de semleges h\u00e1tteret ad.<\/li>\n<li><strong>Ha a saj\u00e1t otthon \u00e9kk\u00f6ve lesz:<\/strong> Ebben az esetben \u2013 \u00e9s most is ez t\u00f6rt\u00e9nt \u2013 a szabads\u00e1gfokunk nagyobb. A keretnek harmoniz\u00e1lnia kell a tulajdonos szem\u00e9lyis\u00e9g\u00e9vel, az enteri\u0151rrel \u00e9s a festm\u00e9ny egyedi karaktereivel is.<\/li>\n<\/ul>\n<h2><strong>A d\u00f6nt\u00e9si folyamat: St\u00edlusok \u00e9s lehet\u0151s\u00e9gek<\/strong><\/h2>\n<p>A tan\u00e1csad\u00e1s sor\u00e1n t\u00f6bb koncepci\u00f3t is felv\u00e1zoltunk, hiszen egyetlen k\u00e9pnek ezer arca lehet, att\u00f3l f\u00fcgg\u0151en, mibe \u00f6lt\u00f6ztetj\u00fck.<\/p>\n<p>The process of <strong>st\u00edlus<\/strong> tekintet\u00e9ben v\u00e1laszthattunk volna egy kort\u00e1rs, m\u00fazeumi jelleg\u0171, dobozszer\u0171 megold\u00e1st. Ez a megk\u00f6zel\u00edt\u00e9s a festm\u00e9nyt &#8222;t\u00e1rgyk\u00e9nt&#8221;, r\u00e9g\u00e9szeti leletk\u00e9nt kezeli, steril \u00e9s letisztult k\u00f6rnyezetbe helyezve azt.<\/p>\n<blockquote><p>Mi m\u00e9gis a <strong>korh\u0171, renesz\u00e1nsz st\u00edlus\u00fa keretez\u00e9s<\/strong> mellett \u00e9rvelt\u00fcnk, mert ahogy mi l\u00e1ttuk, a festm\u00e9ny finoms\u00e1ga, M\u00e1ria \u00e9s a gyermek J\u00e9zus arc\u00e1nak kidolgozotts\u00e1ga szinte k\u00f6ny\u00f6r\u00f6gte, hogy a keret ne elidegen\u00edtse, hanem folytassa a kor szellemis\u00e9g\u00e9t. A c\u00e9lunk az volt, hogy a v\u00e9geredm\u00e9ny egy egys\u00e9ges, l\u00e9legz\u0151 m\u0171alkot\u00e1s legyen.<\/p><\/blockquote>\n<p><img fetchpriority=\"high\" decoding=\"async\" class=\"aligncenter wp-image-5941 size-full\" src=\"https:\/\/peterkepkeret.hu\/wp-content\/uploads\/2025\/12\/1-scaled.png\" alt=\"\" width=\"2048\" height=\"1152\" srcset=\"https:\/\/peterkepkeret.hu\/wp-content\/uploads\/2025\/12\/1-scaled.png 2048w, https:\/\/peterkepkeret.hu\/wp-content\/uploads\/2025\/12\/1-300x169.png 300w, https:\/\/peterkepkeret.hu\/wp-content\/uploads\/2025\/12\/1-1024x576.png 1024w, https:\/\/peterkepkeret.hu\/wp-content\/uploads\/2025\/12\/1-768x432.png 768w, https:\/\/peterkepkeret.hu\/wp-content\/uploads\/2025\/12\/1-1536x864.png 1536w, https:\/\/peterkepkeret.hu\/wp-content\/uploads\/2025\/12\/1-18x10.png 18w\" sizes=\"(max-width: 2048px) 100vw, 2048px\" \/><\/p>\n<p>Miut\u00e1n a st\u00edlus eld\u0151lt, a finomhangol\u00e1s k\u00f6vetkezett. Egy ilyen k\u00e9p nem t\u0171ri a g\u00e9pi t\u00f6meggy\u00e1rt\u00e1st. A festm\u00e9ny tulajdonos\u00e1val egyeztetve egy k\u00fcl\u00f6nleges, \u00fagynevezett <strong>poncolt technik\u00e1t<\/strong> alkalmaztunk. <strong>Mi\u00e9rt k\u00fcl\u00f6nleges?<\/strong> Ez egy apr\u00f3l\u00e9kos, k\u00e9zi elj\u00e1r\u00e1s, ahol a szakember egy apr\u00f3 szersz\u00e1mmal, pontr\u00f3l pontra, ezernyi apr\u00f3 \u00fct\u00e9st m\u00e9rve alak\u00edtja ki a d\u00edsz\u00edt\u0151 ornamentik\u00e1t a fel\u00fcletben. Ez a text\u00fara olyan f\u00e9nyt\u00f6r\u00e9st \u00e9s nemess\u00e9get ad a keretnek, amit g\u00e9ppel lehetetlen ut\u00e1nozni.<\/p>\n<p>A legizgalmasabb f\u00e1zis a sz\u00ednek \u00f6sszehangol\u00e1sa volt. A keret bet\u00e9tl\u00e9c\u00e9nek sz\u00edne kapcs\u00e1n felmer\u00fclt a t\u00e9glav\u00f6r\u00f6s \u00e9s a m\u00e9lyk\u00e9k is. Javaslatunkra az \u00fcgyf\u00e9l ez ut\u00f3bbi mellett d\u00f6nt\u00f6tt, mert egyet\u00e9rtett, hogy mivel ez a k\u00e9k \u00e1rnyalat finoman visszak\u00f6sz\u00f6nt a festm\u00e9nyen M\u00e1ria ruh\u00e1j\u00e1nak sz\u00edn\u00e9ben, ezzel a vizu\u00e1lis h\u00edddal a keret \u00e9s a k\u00e9p elv\u00e1laszthatatlan egys\u00e9gg\u00e9 forrt \u00f6ssze.<\/p>\n<blockquote><p>Az aranyoz\u00e1sn\u00e1l is a racionalit\u00e1s \u00e9s az eszt\u00e9tikum tal\u00e1lkozott. Mivel ismerj\u00fck \u00fcgyfel\u00fcnk \u00edzl\u00e9s\u00e9t \u2013 tudjuk, hogy ker\u00fcli a hivalkod\u00f3, t\u00falz\u00f3an csillog\u00f3 aranyat, \u00e9s jobban kedveli az antikolt, tomp\u00e1bb f\u00e9nyeket \u2013, egy hibrid megold\u00e1st javasoltunk. A keret egyes r\u00e9szei val\u00f3di aranyoz\u00e1st kaptak, m\u00edg a kev\u00e9sb\u00e9 hangs\u00falyos elemekn\u00e9l magas min\u0151s\u00e9g\u0171 aranyimit\u00e1ci\u00f3t haszn\u00e1ltunk. Ezzel a megold\u00e1ssal a k\u00f6lts\u00e9gek \u00e9sszer\u0171 keretek k\u00f6z\u00f6tt maradtak, mik\u00f6zben a l\u00e1tv\u00e1ny semmit sem vesz\u00edtett a fejedelmi pomp\u00e1b\u00f3l.<\/p><\/blockquote>\n<p><img decoding=\"async\" class=\"alignnone wp-image-5946 size-full\" src=\"https:\/\/peterkepkeret.hu\/wp-content\/uploads\/2025\/12\/2-1-scaled.png\" alt=\"\" width=\"2048\" height=\"1152\" srcset=\"https:\/\/peterkepkeret.hu\/wp-content\/uploads\/2025\/12\/2-1-scaled.png 2048w, https:\/\/peterkepkeret.hu\/wp-content\/uploads\/2025\/12\/2-1-300x169.png 300w, https:\/\/peterkepkeret.hu\/wp-content\/uploads\/2025\/12\/2-1-1024x576.png 1024w, https:\/\/peterkepkeret.hu\/wp-content\/uploads\/2025\/12\/2-1-768x432.png 768w, https:\/\/peterkepkeret.hu\/wp-content\/uploads\/2025\/12\/2-1-1536x864.png 1536w, https:\/\/peterkepkeret.hu\/wp-content\/uploads\/2025\/12\/2-1-18x10.png 18w\" sizes=\"(max-width: 2048px) 100vw, 2048px\" \/><\/p>\n<h2><strong>A megval\u00f3s\u00edt\u00e1s \u00e9s az eredm\u00e9ny<\/strong><\/h2>\n<p>B\u00e1r a m\u0171hely modern g\u00e9pekben sem szenved hi\u00e1nyt, az ilyen klasszikus st\u00edlus a r\u00e9gi mesterek t\u00fcrelm\u00e9t id\u00e9z\u0151 munkafolyamatokat k\u00edv\u00e1nja. B\u00e1r a folyamat id\u0151ig\u00e9nyes \u2013 egy ilyen egyedi darab elk\u00e9sz\u00edt\u00e9se t\u00f6bb hetet is ig\u00e9nybe vehet \u2013, a v\u00e9geredm\u00e9ny minden v\u00e1rakoz\u00e1st fel\u00fclm\u00falt.<\/p>\n<blockquote><p>Amikor az \u00fcgyf\u00e9l megl\u00e1tta a k\u00e9sz m\u0171vet, a reakci\u00f3ja igazolta a d\u00f6nt\u00e9seink helyess\u00e9g\u00e9t. A keret nem &#8222;nyomta agyon&#8221; a k\u00e9pet, hanem felemelte azt. A renesz\u00e1nsz t\u00e1blak\u00e9p \u00fagy ragyogott a poncolt, antikolt arany \u00e9s a m\u00e9lyk\u00e9k \u00f6lel\u00e9s\u00e9ben, mintha mindig is \u00f6sszetartoztak volna.<\/p><\/blockquote>\n<p>A P\u00e9ter K\u00e9pkeretn\u00e9l hisz\u00fcnk abban, hogy a keretez\u00e9s nem csup\u00e1n asztalosmunka, hanem m\u0171v\u00e9szet \u00e9s pszichol\u00f3gia \u00f6tv\u00f6zete. Minden festm\u00e9nynek van egy t\u00f6rt\u00e9nete, \u00e9s a mi feladatunk, hogy ezt a t\u00f6rt\u00e9netet a kerettel tov\u00e1bb mes\u00e9lj\u00fck.<\/p>\n<p>&nbsp;<\/p>","protected":false},"excerpt":{"rendered":"<p>Gyakran mondj\u00e1k, hogy egy festm\u00e9ny keret n\u00e9lk\u00fcl olyan, mint egy l\u00e9lek test n\u00e9lk\u00fcl. A P\u00e9ter K\u00e9pkeret m\u0171hely\u00e9ben mi azonban \u00fagy tartjuk: a megfelel\u0151 keret nem csup\u00e1n testet ad a m\u0171alkot\u00e1snak, hanem otthont is. Egy olyan k\u00f6zeget, amelyben a m\u0171t\u00e1rgy nemcsak l\u00e9tezik, hanem ragyog. Legut\u00f3bbi munk\u00e1nk sor\u00e1n egy k\u00fcl\u00f6nleges id\u0151utaz\u00e1son vett\u00fcnk r\u00e9szt. Egy \u00fcgyfel\u00fcnk egy k\u00fclf\u00f6ldi [&hellip;]<\/p>\n","protected":false},"author":4,"featured_media":5948,"comment_status":"closed","ping_status":"closed","sticky":false,"template":"","format":"standard","meta":{"footnotes":""},"categories":[35],"tags":[],"class_list":["post-5940","post","type-post","status-publish","format-standard","has-post-thumbnail","hentry","category-munkaink"],"yoast_head":"<!-- This site is optimized with the Yoast SEO plugin v27.4 - https:\/\/yoast.com\/product\/yoast-seo-wordpress\/ -->\n<title>Amikor a keret a festm\u00e9ny lelke: Egy renesz\u00e1nsz Madonna m\u00e9lt\u00f3 k\u00f6nt\u00f6se - P\u00e9ter k\u00e9pkeret<\/title>\n<meta name=\"robots\" content=\"index, follow, max-snippet:-1, max-image-preview:large, max-video-preview:-1\" \/>\n<link rel=\"canonical\" href=\"https:\/\/peterkepkeret.hu\/en\/amikor-a-keret-a-festmeny-lelke-egy-reneszansz-madonna-melto-kontose\/\" \/>\n<meta property=\"og:locale\" content=\"en_GB\" \/>\n<meta property=\"og:type\" content=\"article\" \/>\n<meta property=\"og:title\" content=\"Amikor a keret a festm\u00e9ny lelke: Egy renesz\u00e1nsz Madonna m\u00e9lt\u00f3 k\u00f6nt\u00f6se - P\u00e9ter k\u00e9pkeret\" \/>\n<meta property=\"og:description\" content=\"Gyakran mondj\u00e1k, hogy egy festm\u00e9ny keret n\u00e9lk\u00fcl olyan, mint egy l\u00e9lek test n\u00e9lk\u00fcl. A P\u00e9ter K\u00e9pkeret m\u0171hely\u00e9ben mi azonban \u00fagy tartjuk: a megfelel\u0151 keret nem csup\u00e1n testet ad a m\u0171alkot\u00e1snak, hanem otthont is. Egy olyan k\u00f6zeget, amelyben a m\u0171t\u00e1rgy nemcsak l\u00e9tezik, hanem ragyog. Legut\u00f3bbi munk\u00e1nk sor\u00e1n egy k\u00fcl\u00f6nleges id\u0151utaz\u00e1son vett\u00fcnk r\u00e9szt. Egy \u00fcgyfel\u00fcnk egy k\u00fclf\u00f6ldi [&hellip;]\" \/>\n<meta property=\"og:url\" content=\"https:\/\/peterkepkeret.hu\/en\/amikor-a-keret-a-festmeny-lelke-egy-reneszansz-madonna-melto-kontose\/\" \/>\n<meta property=\"og:site_name\" content=\"P\u00e9ter k\u00e9pkeret\" \/>\n<meta property=\"article:published_time\" content=\"2025-12-15T10:07:40+00:00\" \/>\n<meta property=\"article:modified_time\" content=\"2025-12-15T13:45:53+00:00\" \/>\n<meta property=\"og:image\" content=\"https:\/\/peterkepkeret.hu\/wp-content\/uploads\/2025\/12\/Peter-Kepkeret-blog-banner-1024x576.png\" \/>\n\t<meta property=\"og:image:width\" content=\"1024\" \/>\n\t<meta property=\"og:image:height\" content=\"576\" \/>\n\t<meta property=\"og:image:type\" content=\"image\/png\" \/>\n<meta name=\"author\" content=\"rghungary\" \/>\n<meta name=\"twitter:card\" content=\"summary_large_image\" \/>\n<meta name=\"twitter:label1\" content=\"Written by\" \/>\n\t<meta name=\"twitter:data1\" content=\"rghungary\" \/>\n\t<meta name=\"twitter:label2\" content=\"Estimated reading time\" \/>\n\t<meta name=\"twitter:data2\" content=\"4 minutes\" \/>\n<script type=\"application\/ld+json\" class=\"yoast-schema-graph\">{\"@context\":\"https:\\\/\\\/schema.org\",\"@graph\":[{\"@type\":\"Article\",\"@id\":\"https:\\\/\\\/peterkepkeret.hu\\\/amikor-a-keret-a-festmeny-lelke-egy-reneszansz-madonna-melto-kontose\\\/#article\",\"isPartOf\":{\"@id\":\"https:\\\/\\\/peterkepkeret.hu\\\/amikor-a-keret-a-festmeny-lelke-egy-reneszansz-madonna-melto-kontose\\\/\"},\"author\":{\"name\":\"rghungary\",\"@id\":\"https:\\\/\\\/peterkepkeret.hu\\\/#\\\/schema\\\/person\\\/d29c1d3f6d569ab94816f8a61e932f9f\"},\"headline\":\"Amikor a keret a festm\u00e9ny lelke: Egy renesz\u00e1nsz Madonna m\u00e9lt\u00f3 k\u00f6nt\u00f6se\",\"datePublished\":\"2025-12-15T10:07:40+00:00\",\"dateModified\":\"2025-12-15T13:45:53+00:00\",\"mainEntityOfPage\":{\"@id\":\"https:\\\/\\\/peterkepkeret.hu\\\/amikor-a-keret-a-festmeny-lelke-egy-reneszansz-madonna-melto-kontose\\\/\"},\"wordCount\":1015,\"image\":{\"@id\":\"https:\\\/\\\/peterkepkeret.hu\\\/amikor-a-keret-a-festmeny-lelke-egy-reneszansz-madonna-melto-kontose\\\/#primaryimage\"},\"thumbnailUrl\":\"https:\\\/\\\/peterkepkeret.hu\\\/wp-content\\\/uploads\\\/2025\\\/12\\\/Peter-Kepkeret-blog-banner-scaled.png\",\"articleSection\":[\"Munk\u00e1ink\"],\"inLanguage\":\"en-GB\"},{\"@type\":\"WebPage\",\"@id\":\"https:\\\/\\\/peterkepkeret.hu\\\/amikor-a-keret-a-festmeny-lelke-egy-reneszansz-madonna-melto-kontose\\\/\",\"url\":\"https:\\\/\\\/peterkepkeret.hu\\\/amikor-a-keret-a-festmeny-lelke-egy-reneszansz-madonna-melto-kontose\\\/\",\"name\":\"Amikor a keret a festm\u00e9ny lelke: Egy renesz\u00e1nsz Madonna m\u00e9lt\u00f3 k\u00f6nt\u00f6se - P\u00e9ter k\u00e9pkeret\",\"isPartOf\":{\"@id\":\"https:\\\/\\\/peterkepkeret.hu\\\/#website\"},\"primaryImageOfPage\":{\"@id\":\"https:\\\/\\\/peterkepkeret.hu\\\/amikor-a-keret-a-festmeny-lelke-egy-reneszansz-madonna-melto-kontose\\\/#primaryimage\"},\"image\":{\"@id\":\"https:\\\/\\\/peterkepkeret.hu\\\/amikor-a-keret-a-festmeny-lelke-egy-reneszansz-madonna-melto-kontose\\\/#primaryimage\"},\"thumbnailUrl\":\"https:\\\/\\\/peterkepkeret.hu\\\/wp-content\\\/uploads\\\/2025\\\/12\\\/Peter-Kepkeret-blog-banner-scaled.png\",\"datePublished\":\"2025-12-15T10:07:40+00:00\",\"dateModified\":\"2025-12-15T13:45:53+00:00\",\"author\":{\"@id\":\"https:\\\/\\\/peterkepkeret.hu\\\/#\\\/schema\\\/person\\\/d29c1d3f6d569ab94816f8a61e932f9f\"},\"breadcrumb\":{\"@id\":\"https:\\\/\\\/peterkepkeret.hu\\\/amikor-a-keret-a-festmeny-lelke-egy-reneszansz-madonna-melto-kontose\\\/#breadcrumb\"},\"inLanguage\":\"en-GB\",\"potentialAction\":[{\"@type\":\"ReadAction\",\"target\":[\"https:\\\/\\\/peterkepkeret.hu\\\/amikor-a-keret-a-festmeny-lelke-egy-reneszansz-madonna-melto-kontose\\\/\"]}]},{\"@type\":\"ImageObject\",\"inLanguage\":\"en-GB\",\"@id\":\"https:\\\/\\\/peterkepkeret.hu\\\/amikor-a-keret-a-festmeny-lelke-egy-reneszansz-madonna-melto-kontose\\\/#primaryimage\",\"url\":\"https:\\\/\\\/peterkepkeret.hu\\\/wp-content\\\/uploads\\\/2025\\\/12\\\/Peter-Kepkeret-blog-banner-scaled.png\",\"contentUrl\":\"https:\\\/\\\/peterkepkeret.hu\\\/wp-content\\\/uploads\\\/2025\\\/12\\\/Peter-Kepkeret-blog-banner-scaled.png\",\"width\":2048,\"height\":1152},{\"@type\":\"BreadcrumbList\",\"@id\":\"https:\\\/\\\/peterkepkeret.hu\\\/amikor-a-keret-a-festmeny-lelke-egy-reneszansz-madonna-melto-kontose\\\/#breadcrumb\",\"itemListElement\":[{\"@type\":\"ListItem\",\"position\":1,\"name\":\"Kezd\u0151lap\",\"item\":\"https:\\\/\\\/peterkepkeret.hu\\\/\"},{\"@type\":\"ListItem\",\"position\":2,\"name\":\"Amikor a keret a festm\u00e9ny lelke: Egy renesz\u00e1nsz Madonna m\u00e9lt\u00f3 k\u00f6nt\u00f6se\"}]},{\"@type\":\"WebSite\",\"@id\":\"https:\\\/\\\/peterkepkeret.hu\\\/#website\",\"url\":\"https:\\\/\\\/peterkepkeret.hu\\\/\",\"name\":\"P\u00e9ter k\u00e9pkeret\",\"description\":\"Nek\u00fcnk m\u0171kincs, \u00d6nnek szem\u00e9lyes t\u00f6rt\u00e9net!\",\"potentialAction\":[{\"@type\":\"SearchAction\",\"target\":{\"@type\":\"EntryPoint\",\"urlTemplate\":\"https:\\\/\\\/peterkepkeret.hu\\\/?s={search_term_string}\"},\"query-input\":{\"@type\":\"PropertyValueSpecification\",\"valueRequired\":true,\"valueName\":\"search_term_string\"}}],\"inLanguage\":\"en-GB\"},{\"@type\":\"Person\",\"@id\":\"https:\\\/\\\/peterkepkeret.hu\\\/#\\\/schema\\\/person\\\/d29c1d3f6d569ab94816f8a61e932f9f\",\"name\":\"rghungary\",\"image\":{\"@type\":\"ImageObject\",\"inLanguage\":\"en-GB\",\"@id\":\"https:\\\/\\\/secure.gravatar.com\\\/avatar\\\/ebe5f489f696e2a14c580582f772585c7756a84505817f4c0cf07a77f4d3b633?s=96&d=mm&r=g\",\"url\":\"https:\\\/\\\/secure.gravatar.com\\\/avatar\\\/ebe5f489f696e2a14c580582f772585c7756a84505817f4c0cf07a77f4d3b633?s=96&d=mm&r=g\",\"contentUrl\":\"https:\\\/\\\/secure.gravatar.com\\\/avatar\\\/ebe5f489f696e2a14c580582f772585c7756a84505817f4c0cf07a77f4d3b633?s=96&d=mm&r=g\",\"caption\":\"rghungary\"},\"url\":\"https:\\\/\\\/peterkepkeret.hu\\\/en\\\/author\\\/rghungary\\\/\"}]}<\/script>\n<!-- \/ Yoast SEO plugin. -->","yoast_head_json":{"title":"Amikor a keret a festm\u00e9ny lelke: Egy renesz\u00e1nsz Madonna m\u00e9lt\u00f3 k\u00f6nt\u00f6se - P\u00e9ter k\u00e9pkeret","robots":{"index":"index","follow":"follow","max-snippet":"max-snippet:-1","max-image-preview":"max-image-preview:large","max-video-preview":"max-video-preview:-1"},"canonical":"https:\/\/peterkepkeret.hu\/en\/amikor-a-keret-a-festmeny-lelke-egy-reneszansz-madonna-melto-kontose\/","og_locale":"en_GB","og_type":"article","og_title":"Amikor a keret a festm\u00e9ny lelke: Egy renesz\u00e1nsz Madonna m\u00e9lt\u00f3 k\u00f6nt\u00f6se - P\u00e9ter k\u00e9pkeret","og_description":"Gyakran mondj\u00e1k, hogy egy festm\u00e9ny keret n\u00e9lk\u00fcl olyan, mint egy l\u00e9lek test n\u00e9lk\u00fcl. A P\u00e9ter K\u00e9pkeret m\u0171hely\u00e9ben mi azonban \u00fagy tartjuk: a megfelel\u0151 keret nem csup\u00e1n testet ad a m\u0171alkot\u00e1snak, hanem otthont is. Egy olyan k\u00f6zeget, amelyben a m\u0171t\u00e1rgy nemcsak l\u00e9tezik, hanem ragyog. Legut\u00f3bbi munk\u00e1nk sor\u00e1n egy k\u00fcl\u00f6nleges id\u0151utaz\u00e1son vett\u00fcnk r\u00e9szt. Egy \u00fcgyfel\u00fcnk egy k\u00fclf\u00f6ldi [&hellip;]","og_url":"https:\/\/peterkepkeret.hu\/en\/amikor-a-keret-a-festmeny-lelke-egy-reneszansz-madonna-melto-kontose\/","og_site_name":"P\u00e9ter k\u00e9pkeret","article_published_time":"2025-12-15T10:07:40+00:00","article_modified_time":"2025-12-15T13:45:53+00:00","og_image":[{"width":1024,"height":576,"url":"https:\/\/peterkepkeret.hu\/wp-content\/uploads\/2025\/12\/Peter-Kepkeret-blog-banner-1024x576.png","type":"image\/png"}],"author":"rghungary","twitter_card":"summary_large_image","twitter_misc":{"Written by":"rghungary","Estimated reading time":"4 minutes"},"schema":{"@context":"https:\/\/schema.org","@graph":[{"@type":"Article","@id":"https:\/\/peterkepkeret.hu\/amikor-a-keret-a-festmeny-lelke-egy-reneszansz-madonna-melto-kontose\/#article","isPartOf":{"@id":"https:\/\/peterkepkeret.hu\/amikor-a-keret-a-festmeny-lelke-egy-reneszansz-madonna-melto-kontose\/"},"author":{"name":"rghungary","@id":"https:\/\/peterkepkeret.hu\/#\/schema\/person\/d29c1d3f6d569ab94816f8a61e932f9f"},"headline":"Amikor a keret a festm\u00e9ny lelke: Egy renesz\u00e1nsz Madonna m\u00e9lt\u00f3 k\u00f6nt\u00f6se","datePublished":"2025-12-15T10:07:40+00:00","dateModified":"2025-12-15T13:45:53+00:00","mainEntityOfPage":{"@id":"https:\/\/peterkepkeret.hu\/amikor-a-keret-a-festmeny-lelke-egy-reneszansz-madonna-melto-kontose\/"},"wordCount":1015,"image":{"@id":"https:\/\/peterkepkeret.hu\/amikor-a-keret-a-festmeny-lelke-egy-reneszansz-madonna-melto-kontose\/#primaryimage"},"thumbnailUrl":"https:\/\/peterkepkeret.hu\/wp-content\/uploads\/2025\/12\/Peter-Kepkeret-blog-banner-scaled.png","articleSection":["Munk\u00e1ink"],"inLanguage":"en-GB"},{"@type":"WebPage","@id":"https:\/\/peterkepkeret.hu\/amikor-a-keret-a-festmeny-lelke-egy-reneszansz-madonna-melto-kontose\/","url":"https:\/\/peterkepkeret.hu\/amikor-a-keret-a-festmeny-lelke-egy-reneszansz-madonna-melto-kontose\/","name":"Amikor a keret a festm\u00e9ny lelke: Egy renesz\u00e1nsz Madonna m\u00e9lt\u00f3 k\u00f6nt\u00f6se - P\u00e9ter k\u00e9pkeret","isPartOf":{"@id":"https:\/\/peterkepkeret.hu\/#website"},"primaryImageOfPage":{"@id":"https:\/\/peterkepkeret.hu\/amikor-a-keret-a-festmeny-lelke-egy-reneszansz-madonna-melto-kontose\/#primaryimage"},"image":{"@id":"https:\/\/peterkepkeret.hu\/amikor-a-keret-a-festmeny-lelke-egy-reneszansz-madonna-melto-kontose\/#primaryimage"},"thumbnailUrl":"https:\/\/peterkepkeret.hu\/wp-content\/uploads\/2025\/12\/Peter-Kepkeret-blog-banner-scaled.png","datePublished":"2025-12-15T10:07:40+00:00","dateModified":"2025-12-15T13:45:53+00:00","author":{"@id":"https:\/\/peterkepkeret.hu\/#\/schema\/person\/d29c1d3f6d569ab94816f8a61e932f9f"},"breadcrumb":{"@id":"https:\/\/peterkepkeret.hu\/amikor-a-keret-a-festmeny-lelke-egy-reneszansz-madonna-melto-kontose\/#breadcrumb"},"inLanguage":"en-GB","potentialAction":[{"@type":"ReadAction","target":["https:\/\/peterkepkeret.hu\/amikor-a-keret-a-festmeny-lelke-egy-reneszansz-madonna-melto-kontose\/"]}]},{"@type":"ImageObject","inLanguage":"en-GB","@id":"https:\/\/peterkepkeret.hu\/amikor-a-keret-a-festmeny-lelke-egy-reneszansz-madonna-melto-kontose\/#primaryimage","url":"https:\/\/peterkepkeret.hu\/wp-content\/uploads\/2025\/12\/Peter-Kepkeret-blog-banner-scaled.png","contentUrl":"https:\/\/peterkepkeret.hu\/wp-content\/uploads\/2025\/12\/Peter-Kepkeret-blog-banner-scaled.png","width":2048,"height":1152},{"@type":"BreadcrumbList","@id":"https:\/\/peterkepkeret.hu\/amikor-a-keret-a-festmeny-lelke-egy-reneszansz-madonna-melto-kontose\/#breadcrumb","itemListElement":[{"@type":"ListItem","position":1,"name":"Kezd\u0151lap","item":"https:\/\/peterkepkeret.hu\/"},{"@type":"ListItem","position":2,"name":"Amikor a keret a festm\u00e9ny lelke: Egy renesz\u00e1nsz Madonna m\u00e9lt\u00f3 k\u00f6nt\u00f6se"}]},{"@type":"WebSite","@id":"https:\/\/peterkepkeret.hu\/#website","url":"https:\/\/peterkepkeret.hu\/","name":"P\u00e9ter k\u00e9pkeret","description":"For us, it's a piece of art; \nfor you, it's a personal story","potentialAction":[{"@type":"SearchAction","target":{"@type":"EntryPoint","urlTemplate":"https:\/\/peterkepkeret.hu\/?s={search_term_string}"},"query-input":{"@type":"PropertyValueSpecification","valueRequired":true,"valueName":"search_term_string"}}],"inLanguage":"en-GB"},{"@type":"Person","@id":"https:\/\/peterkepkeret.hu\/#\/schema\/person\/d29c1d3f6d569ab94816f8a61e932f9f","name":"rghungary","image":{"@type":"ImageObject","inLanguage":"en-GB","@id":"https:\/\/secure.gravatar.com\/avatar\/ebe5f489f696e2a14c580582f772585c7756a84505817f4c0cf07a77f4d3b633?s=96&d=mm&r=g","url":"https:\/\/secure.gravatar.com\/avatar\/ebe5f489f696e2a14c580582f772585c7756a84505817f4c0cf07a77f4d3b633?s=96&d=mm&r=g","contentUrl":"https:\/\/secure.gravatar.com\/avatar\/ebe5f489f696e2a14c580582f772585c7756a84505817f4c0cf07a77f4d3b633?s=96&d=mm&r=g","caption":"rghungary"},"url":"https:\/\/peterkepkeret.hu\/en\/author\/rghungary\/"}]}},"_links":{"self":[{"href":"https:\/\/peterkepkeret.hu\/en\/wp-json\/wp\/v2\/posts\/5940","targetHints":{"allow":["GET"]}}],"collection":[{"href":"https:\/\/peterkepkeret.hu\/en\/wp-json\/wp\/v2\/posts"}],"about":[{"href":"https:\/\/peterkepkeret.hu\/en\/wp-json\/wp\/v2\/types\/post"}],"author":[{"embeddable":true,"href":"https:\/\/peterkepkeret.hu\/en\/wp-json\/wp\/v2\/users\/4"}],"replies":[{"embeddable":true,"href":"https:\/\/peterkepkeret.hu\/en\/wp-json\/wp\/v2\/comments?post=5940"}],"version-history":[{"count":4,"href":"https:\/\/peterkepkeret.hu\/en\/wp-json\/wp\/v2\/posts\/5940\/revisions"}],"predecessor-version":[{"id":5949,"href":"https:\/\/peterkepkeret.hu\/en\/wp-json\/wp\/v2\/posts\/5940\/revisions\/5949"}],"wp:featuredmedia":[{"embeddable":true,"href":"https:\/\/peterkepkeret.hu\/en\/wp-json\/wp\/v2\/media\/5948"}],"wp:attachment":[{"href":"https:\/\/peterkepkeret.hu\/en\/wp-json\/wp\/v2\/media?parent=5940"}],"wp:term":[{"taxonomy":"category","embeddable":true,"href":"https:\/\/peterkepkeret.hu\/en\/wp-json\/wp\/v2\/categories?post=5940"},{"taxonomy":"post_tag","embeddable":true,"href":"https:\/\/peterkepkeret.hu\/en\/wp-json\/wp\/v2\/tags?post=5940"}],"curies":[{"name":"wp","href":"https:\/\/api.w.org\/{rel}","templated":true}]}}