{"id":6000,"date":"2026-03-18T07:35:27","date_gmt":"2026-03-18T07:35:27","guid":{"rendered":"https:\/\/peterkepkeret.hu\/?p=6000"},"modified":"2026-03-18T07:35:27","modified_gmt":"2026-03-18T07:35:27","slug":"keretbe-zart-orokkevalosag-rippl-ronai-festeszetenek-uj-ruhai","status":"publish","type":"post","link":"https:\/\/peterkepkeret.hu\/en\/keretbe-zart-orokkevalosag-rippl-ronai-festeszetenek-uj-ruhai\/","title":{"rendered":"Keretbe z\u00e1rt \u00f6r\u00f6kk\u00e9val\u00f3s\u00e1g: Rippl-R\u00f3nai fest\u00e9szet\u00e9nek \u00faj ruh\u00e1i"},"content":{"rendered":"<p><img decoding=\"async\" class=\"wp-image-6004 alignright\" src=\"https:\/\/peterkepkeret.hu\/wp-content\/uploads\/2026\/03\/bea1e68a-a650-4cca-85be-5a9a32902da7-300x237.png\" alt=\"\" width=\"241\" height=\"190\" srcset=\"https:\/\/peterkepkeret.hu\/wp-content\/uploads\/2026\/03\/bea1e68a-a650-4cca-85be-5a9a32902da7-300x237.png 300w, https:\/\/peterkepkeret.hu\/wp-content\/uploads\/2026\/03\/bea1e68a-a650-4cca-85be-5a9a32902da7-1024x810.png 1024w, https:\/\/peterkepkeret.hu\/wp-content\/uploads\/2026\/03\/bea1e68a-a650-4cca-85be-5a9a32902da7-768x607.png 768w, https:\/\/peterkepkeret.hu\/wp-content\/uploads\/2026\/03\/bea1e68a-a650-4cca-85be-5a9a32902da7-1536x1214.png 1536w, https:\/\/peterkepkeret.hu\/wp-content\/uploads\/2026\/03\/bea1e68a-a650-4cca-85be-5a9a32902da7-scaled.png 2048w, https:\/\/peterkepkeret.hu\/wp-content\/uploads\/2026\/03\/bea1e68a-a650-4cca-85be-5a9a32902da7-15x12.png 15w\" sizes=\"(max-width: 241px) 100vw, 241px\" \/>A m\u0171v\u00e9szet nem \u00e9r v\u00e9get az ecset utols\u00f3 von\u00e1s\u00e1val. Egy festm\u00e9ny akkor kel igaz\u00e1n \u00e9letre, amikor megtal\u00e1lja m\u00e9lt\u00f3 p\u00e1rj\u00e1t: azt a keretet, amely nem csup\u00e1n hat\u00e1rolja, de kinyitja a teret a n\u00e9z\u0151 sz\u00e1m\u00e1ra. A <strong>P\u00e9ter K\u00e9pkeret<\/strong> m\u0171hely\u00e9ben mi nem csup\u00e1n f\u00e1val \u00e9s aranyf\u00fcsttel dolgozunk; mi dial\u00f3gust teremt\u00fcnk a m\u00falt mesterm\u0171vei \u00e9s a jelen eszt\u00e9tik\u00e1ja k\u00f6z\u00f6tt. Rippl-R\u00f3nai J\u00f3zsef, a magyar fest\u00e9szet egyik leguniverz\u00e1lisabb zsenije, t\u00f6k\u00e9letes alany arra, hogy bemutassuk: egyetlen \u00e9letm\u0171v\u00f6n bel\u00fcl is mekkora utat j\u00e1rhat be a keretez\u00e9s m\u0171v\u00e9szete.<\/p>\n<h2><strong>A vil\u00e1gsz\u00ednvonal rangja: A \u201eKukoric\u00e1s\u201d korszak pomp\u00e1ja<\/strong><\/h2>\n<p><img decoding=\"async\" class=\"wp-image-6006 alignleft\" src=\"https:\/\/peterkepkeret.hu\/wp-content\/uploads\/2026\/03\/d8d71381-6b29-4073-aa6c-c21e3993a72a-285x300.png\" alt=\"\" width=\"209\" height=\"220\" srcset=\"https:\/\/peterkepkeret.hu\/wp-content\/uploads\/2026\/03\/d8d71381-6b29-4073-aa6c-c21e3993a72a-285x300.png 285w, https:\/\/peterkepkeret.hu\/wp-content\/uploads\/2026\/03\/d8d71381-6b29-4073-aa6c-c21e3993a72a-974x1024.png 974w, https:\/\/peterkepkeret.hu\/wp-content\/uploads\/2026\/03\/d8d71381-6b29-4073-aa6c-c21e3993a72a-768x808.png 768w, https:\/\/peterkepkeret.hu\/wp-content\/uploads\/2026\/03\/d8d71381-6b29-4073-aa6c-c21e3993a72a-1461x1536.png 1461w, https:\/\/peterkepkeret.hu\/wp-content\/uploads\/2026\/03\/d8d71381-6b29-4073-aa6c-c21e3993a72a-scaled.png 1947w, https:\/\/peterkepkeret.hu\/wp-content\/uploads\/2026\/03\/d8d71381-6b29-4073-aa6c-c21e3993a72a-11x12.png 11w\" sizes=\"(max-width: 209px) 100vw, 209px\" \/>Rippl-R\u00f3nai k\u00e9sei, \u00fagynevezett \u201ekukoric\u00e1s\u201d korszaka a magyar posztimpresszionizmus cs\u00facspontja. Ebben az id\u0151szakban a mester mozaikszer\u0171en, foltonk\u00e9nt hordta fel a tiszta sz\u00edneket, l\u00e9trehozva egy vibr\u00e1l\u00f3, szinte absztrakci\u00f3ba hajl\u00f3 fel\u00fcletet.<\/p>\n<p>Amikor a <strong>Nemes Gal\u00e9ria<\/strong> sz\u00e1m\u00e1ra keretezt\u00fck ezt a remekm\u0171vet az <em>Art &amp; Antique<\/em> ki\u00e1ll\u00edt\u00e1sra, a c\u00e9lunk az volt, hogy a k\u00e9pet visszahelyezz\u00fck abba a nemzetk\u00f6zi kontextusba, ahov\u00e1 tartozik. A v\u00e1laszt\u00e1sunk egy gazdagon d\u00edsz\u00edtett, barokkos keretre esett. Mi\u00e9rt? Mert a korszak nagy francia \u00faj\u00edt\u00f3inak \u2013 mint Van Gogh vagy Gauguin \u2013 is gyakran kaptak ilyen n\u00edv\u00f3s antik kereteket a k\u00e9s\u0151bbi keresked\u0151kt\u0151l, hogy kiemelj\u00e9k modern fest\u00e9szet\u00fck kvalit\u00e1s\u00e1t. Ez a keret nem elnyomja a k\u00e9pet, hanem felemeli arra a rangra, ahol a p\u00e1rizsi \u00e9s londoni m\u00fazeumok legnagyobbjai \u00e1llnak.<\/p>\n<h2><strong>Ablak a szecesszi\u00f3ra: Pasztell \u00e9s \u00e9p\u00edt\u00e9szet tal\u00e1lkoz\u00e1sa<\/strong><\/h2>\n<p><img fetchpriority=\"high\" decoding=\"async\" class=\"size-medium wp-image-6001 alignright\" src=\"https:\/\/peterkepkeret.hu\/wp-content\/uploads\/2026\/03\/1eb0c158-b906-4310-83ad-2c14f1fb8a4c-300x198.png\" alt=\"\" width=\"300\" height=\"198\" srcset=\"https:\/\/peterkepkeret.hu\/wp-content\/uploads\/2026\/03\/1eb0c158-b906-4310-83ad-2c14f1fb8a4c-300x198.png 300w, https:\/\/peterkepkeret.hu\/wp-content\/uploads\/2026\/03\/1eb0c158-b906-4310-83ad-2c14f1fb8a4c-1024x675.png 1024w, https:\/\/peterkepkeret.hu\/wp-content\/uploads\/2026\/03\/1eb0c158-b906-4310-83ad-2c14f1fb8a4c-768x506.png 768w, https:\/\/peterkepkeret.hu\/wp-content\/uploads\/2026\/03\/1eb0c158-b906-4310-83ad-2c14f1fb8a4c-1536x1012.png 1536w, https:\/\/peterkepkeret.hu\/wp-content\/uploads\/2026\/03\/1eb0c158-b906-4310-83ad-2c14f1fb8a4c-scaled.png 2048w, https:\/\/peterkepkeret.hu\/wp-content\/uploads\/2026\/03\/1eb0c158-b906-4310-83ad-2c14f1fb8a4c-18x12.png 18w\" sizes=\"(max-width: 300px) 100vw, 300px\" \/>A szecesszi\u00f3 Rippl-R\u00f3nai sz\u00e1m\u00e1ra az ind\u00e1k, a l\u00e1gy vonalak \u00e9s a s\u00edkszer\u0171 \u00e1br\u00e1zol\u00e1s szabads\u00e1g\u00e1t jelentette. A <strong>Resoart Villa<\/strong> gy\u0171jtem\u00e9ny\u00e9be sz\u00e1nt pasztellk\u00e9pn\u00e9l a kih\u00edv\u00e1st az \u00e9p\u00fclet \u00e9s a festm\u00e9ny k\u00f6z\u00f6tti harm\u00f3nia megteremt\u00e9se jelentette.<\/p>\n<p>Ehhez az alkot\u00e1shoz egy egyszer\u0171s\u00edtett, szecesszi\u00f3s st\u00edlus\u00fa \u00a0<strong>tabern\u00e1kulum keretet<\/strong> tervezt\u00fcnk. Ez a t\u00edpus \u00e9p\u00edt\u00e9szeti tagozatokb\u00f3l \u2013 l\u00e1bazatb\u00f3l \u00e9s oszlopokb\u00f3l \u2013 \u00e9p\u00fcl fel, mintha egy nemes ablakon kereszt\u00fcl tekinten\u00e9nk ki a park nyugalm\u00e1ra. A t\u00f6rtfeh\u00e9r fa paszpartu \u00e9s a finom hull\u00e1md\u00edszek nemcsak a festm\u00e9ny felh\u0151ire reflekt\u00e1lnak, hanem a villa eleg\u00e1ns enteri\u0151rj\u00e9re is, mik\u00f6zben az antikolt fel\u00fclet tiszteleg a m\u0171alkot\u00e1s kora el\u0151tt.<\/p>\n<h2><strong>A vonalak kecsess\u00e9ge: T\u00f6bb, mint egy v\u00e1zlat<\/strong><\/h2>\n<p><img loading=\"lazy\" decoding=\"async\" class=\"wp-image-6002 alignleft\" src=\"https:\/\/peterkepkeret.hu\/wp-content\/uploads\/2026\/03\/09d0cc8a-5609-4af9-b080-c44fd79817bd-300x268.png\" alt=\"\" width=\"216\" height=\"193\" srcset=\"https:\/\/peterkepkeret.hu\/wp-content\/uploads\/2026\/03\/09d0cc8a-5609-4af9-b080-c44fd79817bd-300x268.png 300w, https:\/\/peterkepkeret.hu\/wp-content\/uploads\/2026\/03\/09d0cc8a-5609-4af9-b080-c44fd79817bd-1024x914.png 1024w, https:\/\/peterkepkeret.hu\/wp-content\/uploads\/2026\/03\/09d0cc8a-5609-4af9-b080-c44fd79817bd-768x686.png 768w, https:\/\/peterkepkeret.hu\/wp-content\/uploads\/2026\/03\/09d0cc8a-5609-4af9-b080-c44fd79817bd-1536x1371.png 1536w, https:\/\/peterkepkeret.hu\/wp-content\/uploads\/2026\/03\/09d0cc8a-5609-4af9-b080-c44fd79817bd-scaled.png 2048w, https:\/\/peterkepkeret.hu\/wp-content\/uploads\/2026\/03\/09d0cc8a-5609-4af9-b080-c44fd79817bd-13x12.png 13w\" sizes=\"(max-width: 216px) 100vw, 216px\" \/>Gyakori t\u00e9vhit, hogy a grafik\u00e1k vagy tusrajzok csak v\u00e9kony, jelent\u00e9ktelen keretet \u00e9rdemelnek. Mi azonban \u00fagy kezelj\u00fck ezeket, mint teljes \u00e9rt\u00e9k\u0171 t\u00e1blak\u00e9peket. Egy Rippl-R\u00f3nai n\u0151i akt eset\u00e9ben a keretnek k\u00f6vetnie kell a test \u00e9s a h\u00e1tt\u00e9rben kanyarg\u00f3 f\u00e1k szecesszi\u00f3s hull\u00e1mz\u00e1s\u00e1t.<\/p>\n<p>Egy mark\u00e1nsabb, fekete bels\u0151 szeg\u00e9llyel ell\u00e1tott arany keretet v\u00e1lasztottunk, amely elv\u00e1lasztja a rajz intimit\u00e1s\u00e1t a k\u00fclvil\u00e1gt\u00f3l, m\u00e9lt\u00f3s\u00e1got adva a pap\u00edr alap\u00fa m\u0171nek. Itt a keret sz\u00e9less\u00e9ge \u00e9s a v\u00e9kony tagozatok ritmusa a n\u0151i kecsess\u00e9g vizu\u00e1lis visszhangja.<\/p>\n<h2><strong>A l\u00e1thatatlan v\u00e9delem luxusa: A technol\u00f3gia \u00e9s az eszt\u00e9tika szimbi\u00f3zisa<\/strong><\/h2>\n<p><img loading=\"lazy\" decoding=\"async\" class=\"wp-image-6005 alignright\" src=\"https:\/\/peterkepkeret.hu\/wp-content\/uploads\/2026\/03\/c31c1eb0-9b82-4df0-8292-f07e325fc2d5-262x300.png\" alt=\"\" width=\"192\" height=\"220\" srcset=\"https:\/\/peterkepkeret.hu\/wp-content\/uploads\/2026\/03\/c31c1eb0-9b82-4df0-8292-f07e325fc2d5-262x300.png 262w, https:\/\/peterkepkeret.hu\/wp-content\/uploads\/2026\/03\/c31c1eb0-9b82-4df0-8292-f07e325fc2d5-10x12.png 10w, https:\/\/peterkepkeret.hu\/wp-content\/uploads\/2026\/03\/c31c1eb0-9b82-4df0-8292-f07e325fc2d5.png 383w\" sizes=\"(max-width: 192px) 100vw, 192px\" \/><\/p>\n<p>&nbsp;<\/p>\n<p><span style=\"font-family: -apple-system, BlinkMacSystemFont, 'Segoe UI', Roboto, 'Helvetica Neue', Arial, 'Noto Sans', sans-serif, 'Apple Color Emoji', 'Segoe UI Emoji', 'Segoe UI Symbol', 'Noto Color Emoji';\">A pr\u00e9mium keretez\u00e9s nem \u00e9r v\u00e9get a l\u00e1tv\u00e1nyn\u00e1l; a legfontosabb r\u00e9szletek gyakran rejtve maradnak. Rippl-R\u00f3nai \u00e9rz\u00e9keny pasztellportr\u00e9in\u00e1l a m\u0171t\u00e1rgyv\u00e9delem els\u0151dleges.<\/span><\/p>\n<ul>\n<li><strong>M\u00fazeumi \u00fcveg:<\/strong> Speci\u00e1lis UV-v\u00e9delemmel l\u00e1tjuk el a k\u00e9pet, hogy a pigmentek \u00e9vtizedek m\u00falt\u00e1n is meg\u0151rizz\u00e9k eredeti \u00e9l\u00e9nks\u00e9g\u00fcket.<\/li>\n<li><strong>M\u0171t\u00e1rgyv\u00e9delmi t\u00e1vtart\u00f3:<\/strong> Soha nem hagyjuk, hogy az \u00fcveg hozz\u00e1\u00e9rjen a pasztellhez. Egy apr\u00f3, 2 millim\u00e9teres r\u00e9s megakad\u00e1lyozza, hogy a finom porfest\u00e9k \u00e1tv\u00e1ndoroljon az \u00fcvegre.<\/li>\n<li><strong>Savmentes k\u00f6rnyezet:<\/strong> Kiz\u00e1r\u00f3lag PH-semleges, gyapot alap\u00fa m\u00fazeumi h\u00e1tlapokat haszn\u00e1lunk, megel\u0151zve a pap\u00edr s\u00e1rgul\u00e1s\u00e1t \u00e9s k\u00e1rosod\u00e1s\u00e1t.<\/li>\n<\/ul>\n<h2><strong>Konkl\u00fazi\u00f3: A st\u00edlus szabads\u00e1ga<\/strong><\/h2>\n<p><img loading=\"lazy\" decoding=\"async\" class=\"wp-image-6004 alignleft\" src=\"https:\/\/peterkepkeret.hu\/wp-content\/uploads\/2026\/03\/bea1e68a-a650-4cca-85be-5a9a32902da7-300x237.png\" alt=\"\" width=\"234\" height=\"185\" srcset=\"https:\/\/peterkepkeret.hu\/wp-content\/uploads\/2026\/03\/bea1e68a-a650-4cca-85be-5a9a32902da7-300x237.png 300w, https:\/\/peterkepkeret.hu\/wp-content\/uploads\/2026\/03\/bea1e68a-a650-4cca-85be-5a9a32902da7-1024x810.png 1024w, https:\/\/peterkepkeret.hu\/wp-content\/uploads\/2026\/03\/bea1e68a-a650-4cca-85be-5a9a32902da7-768x607.png 768w, https:\/\/peterkepkeret.hu\/wp-content\/uploads\/2026\/03\/bea1e68a-a650-4cca-85be-5a9a32902da7-1536x1214.png 1536w, https:\/\/peterkepkeret.hu\/wp-content\/uploads\/2026\/03\/bea1e68a-a650-4cca-85be-5a9a32902da7-scaled.png 2048w, https:\/\/peterkepkeret.hu\/wp-content\/uploads\/2026\/03\/bea1e68a-a650-4cca-85be-5a9a32902da7-15x12.png 15w\" sizes=\"(max-width: 234px) 100vw, 234px\" \/><\/p>\n<p>Egy m\u0171v\u00e9sz neve nem b\u00e9kly\u00f3 a keretez\u0151 sz\u00e1m\u00e1ra. Ahogy Rippl-R\u00f3nai J\u00f3zsef \u00e9letm\u0171ve is ezerarc\u00fa, \u00fagy a keretez\u00e9sben sincs egyetlen \u00fcdv\u00f6z\u00edt\u0151 recept. A v\u00e1laszt\u00e1st nem a m\u0171v\u00e9sz szign\u00f3ja, hanem a <strong>festm\u00e9ny \u00e9r\u00e1ja, technik\u00e1ja \u00e9s bels<\/strong><strong>\u0151<\/strong><strong> st\u00edlusa<\/strong> hat\u00e1rozza meg. Legyen sz\u00f3 egy \u201ekukoric\u00e1s\u201d k\u00e9p barokk pomp\u00e1j\u00fa keret\u00e9r\u0151l, vagy egy l\u00e9gies szecesszi\u00f3s pasztellr\u0151l, a c\u00e9lunk ugyanaz: megteremteni azt a vizu\u00e1lis egys\u00e9get, amelyben a keret \u00e9s a k\u00e9p egym\u00e1st nemes\u00edti.<\/p>\n<p><img loading=\"lazy\" decoding=\"async\" class=\"wp-image-6007 alignright\" src=\"https:\/\/peterkepkeret.hu\/wp-content\/uploads\/2026\/03\/fcdad17f-d26b-4018-aefa-37734f32be2f-300x284.png\" alt=\"\" width=\"237\" height=\"224\" srcset=\"https:\/\/peterkepkeret.hu\/wp-content\/uploads\/2026\/03\/fcdad17f-d26b-4018-aefa-37734f32be2f-300x284.png 300w, https:\/\/peterkepkeret.hu\/wp-content\/uploads\/2026\/03\/fcdad17f-d26b-4018-aefa-37734f32be2f-1024x970.png 1024w, https:\/\/peterkepkeret.hu\/wp-content\/uploads\/2026\/03\/fcdad17f-d26b-4018-aefa-37734f32be2f-768x727.png 768w, https:\/\/peterkepkeret.hu\/wp-content\/uploads\/2026\/03\/fcdad17f-d26b-4018-aefa-37734f32be2f-13x12.png 13w, https:\/\/peterkepkeret.hu\/wp-content\/uploads\/2026\/03\/fcdad17f-d26b-4018-aefa-37734f32be2f.png 1280w\" sizes=\"(max-width: 237px) 100vw, 237px\" \/><\/p>\n<p>&nbsp;<\/p>\n<p><strong style=\"font-family: -apple-system, BlinkMacSystemFont, 'Segoe UI', Roboto, 'Helvetica Neue', Arial, 'Noto Sans', sans-serif, 'Apple Color Emoji', 'Segoe UI Emoji', 'Segoe UI Symbol', 'Noto Color Emoji';\">Szeretn\u00e9, ha az \u00d6n gy<\/strong><strong style=\"font-family: -apple-system, BlinkMacSystemFont, 'Segoe UI', Roboto, 'Helvetica Neue', Arial, 'Noto Sans', sans-serif, 'Apple Color Emoji', 'Segoe UI Emoji', 'Segoe UI Symbol', 'Noto Color Emoji';\">\u0171<\/strong><strong style=\"font-family: -apple-system, BlinkMacSystemFont, 'Segoe UI', Roboto, 'Helvetica Neue', Arial, 'Noto Sans', sans-serif, 'Apple Color Emoji', 'Segoe UI Emoji', 'Segoe UI Symbol', 'Noto Color Emoji';\">jtem\u00e9ny\u00e9nek darabjai is m\u00e9lt\u00f3, szak\u00e9rt<\/strong><strong style=\"font-family: -apple-system, BlinkMacSystemFont, 'Segoe UI', Roboto, 'Helvetica Neue', Arial, 'Noto Sans', sans-serif, 'Apple Color Emoji', 'Segoe UI Emoji', 'Segoe UI Symbol', 'Noto Color Emoji';\">\u0151<\/strong><strong style=\"font-family: -apple-system, BlinkMacSystemFont, 'Segoe UI', Roboto, 'Helvetica Neue', Arial, 'Noto Sans', sans-serif, 'Apple Color Emoji', 'Segoe UI Emoji', 'Segoe UI Symbol', 'Noto Color Emoji';\"> kezek \u00e1ltal k\u00e9sz\u00edtett ruh\u00e1t kapn\u00e1nak? L\u00e1togasson el m<\/strong><strong style=\"font-family: -apple-system, BlinkMacSystemFont, 'Segoe UI', Roboto, 'Helvetica Neue', Arial, 'Noto Sans', sans-serif, 'Apple Color Emoji', 'Segoe UI Emoji', 'Segoe UI Symbol', 'Noto Color Emoji';\">\u0171<\/strong><strong style=\"font-family: -apple-system, BlinkMacSystemFont, 'Segoe UI', Roboto, 'Helvetica Neue', Arial, 'Noto Sans', sans-serif, 'Apple Color Emoji', 'Segoe UI Emoji', 'Segoe UI Symbol', 'Noto Color Emoji';\">hely\u00fcnkbe egy szem\u00e9lyes konzult\u00e1ci\u00f3ra, ahol k\u00f6z\u00f6sen tal\u00e1ljuk meg a m<\/strong><strong style=\"font-family: -apple-system, BlinkMacSystemFont, 'Segoe UI', Roboto, 'Helvetica Neue', Arial, 'Noto Sans', sans-serif, 'Apple Color Emoji', 'Segoe UI Emoji', 'Segoe UI Symbol', 'Noto Color Emoji';\">\u0171<\/strong><strong style=\"font-family: -apple-system, BlinkMacSystemFont, 'Segoe UI', Roboto, 'Helvetica Neue', Arial, 'Noto Sans', sans-serif, 'Apple Color Emoji', 'Segoe UI Emoji', 'Segoe UI Symbol', 'Noto Color Emoji';\">alkot\u00e1s\u00e1hoz ill<\/strong><strong style=\"font-family: -apple-system, BlinkMacSystemFont, 'Segoe UI', Roboto, 'Helvetica Neue', Arial, 'Noto Sans', sans-serif, 'Apple Color Emoji', 'Segoe UI Emoji', 'Segoe UI Symbol', 'Noto Color Emoji';\">\u0151<\/strong><strong style=\"font-family: -apple-system, BlinkMacSystemFont, 'Segoe UI', Roboto, 'Helvetica Neue', Arial, 'Noto Sans', sans-serif, 'Apple Color Emoji', 'Segoe UI Emoji', 'Segoe UI Symbol', 'Noto Color Emoji';\"> t\u00f6k\u00e9letes profilokat.<\/strong><\/p>\n<p>&nbsp;<\/p>","protected":false},"excerpt":{"rendered":"<p>A m\u0171v\u00e9szet nem \u00e9r v\u00e9get az ecset utols\u00f3 von\u00e1s\u00e1val. Egy festm\u00e9ny akkor kel igaz\u00e1n \u00e9letre, amikor megtal\u00e1lja m\u00e9lt\u00f3 p\u00e1rj\u00e1t: azt a keretet, amely nem csup\u00e1n hat\u00e1rolja, de kinyitja a teret a n\u00e9z\u0151 sz\u00e1m\u00e1ra. A P\u00e9ter K\u00e9pkeret m\u0171hely\u00e9ben mi nem csup\u00e1n f\u00e1val \u00e9s aranyf\u00fcsttel dolgozunk; mi dial\u00f3gust teremt\u00fcnk a m\u00falt mesterm\u0171vei \u00e9s a jelen eszt\u00e9tik\u00e1ja k\u00f6z\u00f6tt. [&hellip;]<\/p>\n","protected":false},"author":4,"featured_media":6008,"comment_status":"closed","ping_status":"closed","sticky":false,"template":"","format":"standard","meta":{"footnotes":""},"categories":[1],"tags":[],"class_list":["post-6000","post","type-post","status-publish","format-standard","has-post-thumbnail","hentry","category-uncategorized"],"yoast_head":"<!-- This site is optimized with the Yoast SEO plugin v27.4 - https:\/\/yoast.com\/product\/yoast-seo-wordpress\/ -->\n<title>Keretbe z\u00e1rt \u00f6r\u00f6kk\u00e9val\u00f3s\u00e1g: Rippl-R\u00f3nai fest\u00e9szet\u00e9nek \u00faj ruh\u00e1i - P\u00e9ter k\u00e9pkeret<\/title>\n<meta name=\"robots\" content=\"index, follow, max-snippet:-1, max-image-preview:large, max-video-preview:-1\" \/>\n<link rel=\"canonical\" href=\"https:\/\/peterkepkeret.hu\/en\/keretbe-zart-orokkevalosag-rippl-ronai-festeszetenek-uj-ruhai\/\" \/>\n<meta property=\"og:locale\" content=\"en_GB\" \/>\n<meta property=\"og:type\" content=\"article\" \/>\n<meta property=\"og:title\" content=\"Keretbe z\u00e1rt \u00f6r\u00f6kk\u00e9val\u00f3s\u00e1g: Rippl-R\u00f3nai fest\u00e9szet\u00e9nek \u00faj ruh\u00e1i - P\u00e9ter k\u00e9pkeret\" \/>\n<meta property=\"og:description\" content=\"A m\u0171v\u00e9szet nem \u00e9r v\u00e9get az ecset utols\u00f3 von\u00e1s\u00e1val. Egy festm\u00e9ny akkor kel igaz\u00e1n \u00e9letre, amikor megtal\u00e1lja m\u00e9lt\u00f3 p\u00e1rj\u00e1t: azt a keretet, amely nem csup\u00e1n hat\u00e1rolja, de kinyitja a teret a n\u00e9z\u0151 sz\u00e1m\u00e1ra. A P\u00e9ter K\u00e9pkeret m\u0171hely\u00e9ben mi nem csup\u00e1n f\u00e1val \u00e9s aranyf\u00fcsttel dolgozunk; mi dial\u00f3gust teremt\u00fcnk a m\u00falt mesterm\u0171vei \u00e9s a jelen eszt\u00e9tik\u00e1ja k\u00f6z\u00f6tt. [&hellip;]\" \/>\n<meta property=\"og:url\" content=\"https:\/\/peterkepkeret.hu\/en\/keretbe-zart-orokkevalosag-rippl-ronai-festeszetenek-uj-ruhai\/\" \/>\n<meta property=\"og:site_name\" content=\"P\u00e9ter k\u00e9pkeret\" \/>\n<meta property=\"article:published_time\" content=\"2026-03-18T07:35:27+00:00\" \/>\n<meta property=\"og:image\" content=\"https:\/\/peterkepkeret.hu\/wp-content\/uploads\/2026\/03\/Peter-Kepkeret-blog-banner-5-1024x576.png\" \/>\n\t<meta property=\"og:image:width\" content=\"1024\" \/>\n\t<meta property=\"og:image:height\" content=\"576\" \/>\n\t<meta property=\"og:image:type\" content=\"image\/png\" \/>\n<meta name=\"author\" content=\"rghungary\" \/>\n<meta name=\"twitter:card\" content=\"summary_large_image\" \/>\n<meta name=\"twitter:label1\" content=\"Written by\" \/>\n\t<meta name=\"twitter:data1\" content=\"rghungary\" \/>\n\t<meta name=\"twitter:label2\" content=\"Estimated reading time\" \/>\n\t<meta name=\"twitter:data2\" content=\"5 minutes\" \/>\n<script type=\"application\/ld+json\" class=\"yoast-schema-graph\">{\"@context\":\"https:\\\/\\\/schema.org\",\"@graph\":[{\"@type\":\"Article\",\"@id\":\"https:\\\/\\\/peterkepkeret.hu\\\/keretbe-zart-orokkevalosag-rippl-ronai-festeszetenek-uj-ruhai\\\/#article\",\"isPartOf\":{\"@id\":\"https:\\\/\\\/peterkepkeret.hu\\\/keretbe-zart-orokkevalosag-rippl-ronai-festeszetenek-uj-ruhai\\\/\"},\"author\":{\"name\":\"rghungary\",\"@id\":\"https:\\\/\\\/peterkepkeret.hu\\\/#\\\/schema\\\/person\\\/d29c1d3f6d569ab94816f8a61e932f9f\"},\"headline\":\"Keretbe z\u00e1rt \u00f6r\u00f6kk\u00e9val\u00f3s\u00e1g: Rippl-R\u00f3nai fest\u00e9szet\u00e9nek \u00faj ruh\u00e1i\",\"datePublished\":\"2026-03-18T07:35:27+00:00\",\"mainEntityOfPage\":{\"@id\":\"https:\\\/\\\/peterkepkeret.hu\\\/keretbe-zart-orokkevalosag-rippl-ronai-festeszetenek-uj-ruhai\\\/\"},\"wordCount\":894,\"image\":{\"@id\":\"https:\\\/\\\/peterkepkeret.hu\\\/keretbe-zart-orokkevalosag-rippl-ronai-festeszetenek-uj-ruhai\\\/#primaryimage\"},\"thumbnailUrl\":\"https:\\\/\\\/peterkepkeret.hu\\\/wp-content\\\/uploads\\\/2026\\\/03\\\/Peter-Kepkeret-blog-banner-5-scaled.png\",\"articleSection\":[\"Uncategorized\"],\"inLanguage\":\"en-GB\"},{\"@type\":\"WebPage\",\"@id\":\"https:\\\/\\\/peterkepkeret.hu\\\/keretbe-zart-orokkevalosag-rippl-ronai-festeszetenek-uj-ruhai\\\/\",\"url\":\"https:\\\/\\\/peterkepkeret.hu\\\/keretbe-zart-orokkevalosag-rippl-ronai-festeszetenek-uj-ruhai\\\/\",\"name\":\"Keretbe z\u00e1rt \u00f6r\u00f6kk\u00e9val\u00f3s\u00e1g: Rippl-R\u00f3nai fest\u00e9szet\u00e9nek \u00faj ruh\u00e1i - P\u00e9ter k\u00e9pkeret\",\"isPartOf\":{\"@id\":\"https:\\\/\\\/peterkepkeret.hu\\\/#website\"},\"primaryImageOfPage\":{\"@id\":\"https:\\\/\\\/peterkepkeret.hu\\\/keretbe-zart-orokkevalosag-rippl-ronai-festeszetenek-uj-ruhai\\\/#primaryimage\"},\"image\":{\"@id\":\"https:\\\/\\\/peterkepkeret.hu\\\/keretbe-zart-orokkevalosag-rippl-ronai-festeszetenek-uj-ruhai\\\/#primaryimage\"},\"thumbnailUrl\":\"https:\\\/\\\/peterkepkeret.hu\\\/wp-content\\\/uploads\\\/2026\\\/03\\\/Peter-Kepkeret-blog-banner-5-scaled.png\",\"datePublished\":\"2026-03-18T07:35:27+00:00\",\"author\":{\"@id\":\"https:\\\/\\\/peterkepkeret.hu\\\/#\\\/schema\\\/person\\\/d29c1d3f6d569ab94816f8a61e932f9f\"},\"breadcrumb\":{\"@id\":\"https:\\\/\\\/peterkepkeret.hu\\\/keretbe-zart-orokkevalosag-rippl-ronai-festeszetenek-uj-ruhai\\\/#breadcrumb\"},\"inLanguage\":\"en-GB\",\"potentialAction\":[{\"@type\":\"ReadAction\",\"target\":[\"https:\\\/\\\/peterkepkeret.hu\\\/keretbe-zart-orokkevalosag-rippl-ronai-festeszetenek-uj-ruhai\\\/\"]}]},{\"@type\":\"ImageObject\",\"inLanguage\":\"en-GB\",\"@id\":\"https:\\\/\\\/peterkepkeret.hu\\\/keretbe-zart-orokkevalosag-rippl-ronai-festeszetenek-uj-ruhai\\\/#primaryimage\",\"url\":\"https:\\\/\\\/peterkepkeret.hu\\\/wp-content\\\/uploads\\\/2026\\\/03\\\/Peter-Kepkeret-blog-banner-5-scaled.png\",\"contentUrl\":\"https:\\\/\\\/peterkepkeret.hu\\\/wp-content\\\/uploads\\\/2026\\\/03\\\/Peter-Kepkeret-blog-banner-5-scaled.png\",\"width\":2048,\"height\":1152},{\"@type\":\"BreadcrumbList\",\"@id\":\"https:\\\/\\\/peterkepkeret.hu\\\/keretbe-zart-orokkevalosag-rippl-ronai-festeszetenek-uj-ruhai\\\/#breadcrumb\",\"itemListElement\":[{\"@type\":\"ListItem\",\"position\":1,\"name\":\"Kezd\u0151lap\",\"item\":\"https:\\\/\\\/peterkepkeret.hu\\\/\"},{\"@type\":\"ListItem\",\"position\":2,\"name\":\"Keretbe z\u00e1rt \u00f6r\u00f6kk\u00e9val\u00f3s\u00e1g: Rippl-R\u00f3nai fest\u00e9szet\u00e9nek \u00faj ruh\u00e1i\"}]},{\"@type\":\"WebSite\",\"@id\":\"https:\\\/\\\/peterkepkeret.hu\\\/#website\",\"url\":\"https:\\\/\\\/peterkepkeret.hu\\\/\",\"name\":\"P\u00e9ter k\u00e9pkeret\",\"description\":\"Nek\u00fcnk m\u0171kincs, \u00d6nnek szem\u00e9lyes t\u00f6rt\u00e9net!\",\"potentialAction\":[{\"@type\":\"SearchAction\",\"target\":{\"@type\":\"EntryPoint\",\"urlTemplate\":\"https:\\\/\\\/peterkepkeret.hu\\\/?s={search_term_string}\"},\"query-input\":{\"@type\":\"PropertyValueSpecification\",\"valueRequired\":true,\"valueName\":\"search_term_string\"}}],\"inLanguage\":\"en-GB\"},{\"@type\":\"Person\",\"@id\":\"https:\\\/\\\/peterkepkeret.hu\\\/#\\\/schema\\\/person\\\/d29c1d3f6d569ab94816f8a61e932f9f\",\"name\":\"rghungary\",\"image\":{\"@type\":\"ImageObject\",\"inLanguage\":\"en-GB\",\"@id\":\"https:\\\/\\\/secure.gravatar.com\\\/avatar\\\/ebe5f489f696e2a14c580582f772585c7756a84505817f4c0cf07a77f4d3b633?s=96&d=mm&r=g\",\"url\":\"https:\\\/\\\/secure.gravatar.com\\\/avatar\\\/ebe5f489f696e2a14c580582f772585c7756a84505817f4c0cf07a77f4d3b633?s=96&d=mm&r=g\",\"contentUrl\":\"https:\\\/\\\/secure.gravatar.com\\\/avatar\\\/ebe5f489f696e2a14c580582f772585c7756a84505817f4c0cf07a77f4d3b633?s=96&d=mm&r=g\",\"caption\":\"rghungary\"},\"url\":\"https:\\\/\\\/peterkepkeret.hu\\\/en\\\/author\\\/rghungary\\\/\"}]}<\/script>\n<!-- \/ Yoast SEO plugin. -->","yoast_head_json":{"title":"Keretbe z\u00e1rt \u00f6r\u00f6kk\u00e9val\u00f3s\u00e1g: Rippl-R\u00f3nai fest\u00e9szet\u00e9nek \u00faj ruh\u00e1i - P\u00e9ter k\u00e9pkeret","robots":{"index":"index","follow":"follow","max-snippet":"max-snippet:-1","max-image-preview":"max-image-preview:large","max-video-preview":"max-video-preview:-1"},"canonical":"https:\/\/peterkepkeret.hu\/en\/keretbe-zart-orokkevalosag-rippl-ronai-festeszetenek-uj-ruhai\/","og_locale":"en_GB","og_type":"article","og_title":"Keretbe z\u00e1rt \u00f6r\u00f6kk\u00e9val\u00f3s\u00e1g: Rippl-R\u00f3nai fest\u00e9szet\u00e9nek \u00faj ruh\u00e1i - P\u00e9ter k\u00e9pkeret","og_description":"A m\u0171v\u00e9szet nem \u00e9r v\u00e9get az ecset utols\u00f3 von\u00e1s\u00e1val. Egy festm\u00e9ny akkor kel igaz\u00e1n \u00e9letre, amikor megtal\u00e1lja m\u00e9lt\u00f3 p\u00e1rj\u00e1t: azt a keretet, amely nem csup\u00e1n hat\u00e1rolja, de kinyitja a teret a n\u00e9z\u0151 sz\u00e1m\u00e1ra. A P\u00e9ter K\u00e9pkeret m\u0171hely\u00e9ben mi nem csup\u00e1n f\u00e1val \u00e9s aranyf\u00fcsttel dolgozunk; mi dial\u00f3gust teremt\u00fcnk a m\u00falt mesterm\u0171vei \u00e9s a jelen eszt\u00e9tik\u00e1ja k\u00f6z\u00f6tt. [&hellip;]","og_url":"https:\/\/peterkepkeret.hu\/en\/keretbe-zart-orokkevalosag-rippl-ronai-festeszetenek-uj-ruhai\/","og_site_name":"P\u00e9ter k\u00e9pkeret","article_published_time":"2026-03-18T07:35:27+00:00","og_image":[{"width":1024,"height":576,"url":"https:\/\/peterkepkeret.hu\/wp-content\/uploads\/2026\/03\/Peter-Kepkeret-blog-banner-5-1024x576.png","type":"image\/png"}],"author":"rghungary","twitter_card":"summary_large_image","twitter_misc":{"Written by":"rghungary","Estimated reading time":"5 minutes"},"schema":{"@context":"https:\/\/schema.org","@graph":[{"@type":"Article","@id":"https:\/\/peterkepkeret.hu\/keretbe-zart-orokkevalosag-rippl-ronai-festeszetenek-uj-ruhai\/#article","isPartOf":{"@id":"https:\/\/peterkepkeret.hu\/keretbe-zart-orokkevalosag-rippl-ronai-festeszetenek-uj-ruhai\/"},"author":{"name":"rghungary","@id":"https:\/\/peterkepkeret.hu\/#\/schema\/person\/d29c1d3f6d569ab94816f8a61e932f9f"},"headline":"Keretbe z\u00e1rt \u00f6r\u00f6kk\u00e9val\u00f3s\u00e1g: Rippl-R\u00f3nai fest\u00e9szet\u00e9nek \u00faj ruh\u00e1i","datePublished":"2026-03-18T07:35:27+00:00","mainEntityOfPage":{"@id":"https:\/\/peterkepkeret.hu\/keretbe-zart-orokkevalosag-rippl-ronai-festeszetenek-uj-ruhai\/"},"wordCount":894,"image":{"@id":"https:\/\/peterkepkeret.hu\/keretbe-zart-orokkevalosag-rippl-ronai-festeszetenek-uj-ruhai\/#primaryimage"},"thumbnailUrl":"https:\/\/peterkepkeret.hu\/wp-content\/uploads\/2026\/03\/Peter-Kepkeret-blog-banner-5-scaled.png","articleSection":["Uncategorized"],"inLanguage":"en-GB"},{"@type":"WebPage","@id":"https:\/\/peterkepkeret.hu\/keretbe-zart-orokkevalosag-rippl-ronai-festeszetenek-uj-ruhai\/","url":"https:\/\/peterkepkeret.hu\/keretbe-zart-orokkevalosag-rippl-ronai-festeszetenek-uj-ruhai\/","name":"Keretbe z\u00e1rt \u00f6r\u00f6kk\u00e9val\u00f3s\u00e1g: Rippl-R\u00f3nai fest\u00e9szet\u00e9nek \u00faj ruh\u00e1i - P\u00e9ter k\u00e9pkeret","isPartOf":{"@id":"https:\/\/peterkepkeret.hu\/#website"},"primaryImageOfPage":{"@id":"https:\/\/peterkepkeret.hu\/keretbe-zart-orokkevalosag-rippl-ronai-festeszetenek-uj-ruhai\/#primaryimage"},"image":{"@id":"https:\/\/peterkepkeret.hu\/keretbe-zart-orokkevalosag-rippl-ronai-festeszetenek-uj-ruhai\/#primaryimage"},"thumbnailUrl":"https:\/\/peterkepkeret.hu\/wp-content\/uploads\/2026\/03\/Peter-Kepkeret-blog-banner-5-scaled.png","datePublished":"2026-03-18T07:35:27+00:00","author":{"@id":"https:\/\/peterkepkeret.hu\/#\/schema\/person\/d29c1d3f6d569ab94816f8a61e932f9f"},"breadcrumb":{"@id":"https:\/\/peterkepkeret.hu\/keretbe-zart-orokkevalosag-rippl-ronai-festeszetenek-uj-ruhai\/#breadcrumb"},"inLanguage":"en-GB","potentialAction":[{"@type":"ReadAction","target":["https:\/\/peterkepkeret.hu\/keretbe-zart-orokkevalosag-rippl-ronai-festeszetenek-uj-ruhai\/"]}]},{"@type":"ImageObject","inLanguage":"en-GB","@id":"https:\/\/peterkepkeret.hu\/keretbe-zart-orokkevalosag-rippl-ronai-festeszetenek-uj-ruhai\/#primaryimage","url":"https:\/\/peterkepkeret.hu\/wp-content\/uploads\/2026\/03\/Peter-Kepkeret-blog-banner-5-scaled.png","contentUrl":"https:\/\/peterkepkeret.hu\/wp-content\/uploads\/2026\/03\/Peter-Kepkeret-blog-banner-5-scaled.png","width":2048,"height":1152},{"@type":"BreadcrumbList","@id":"https:\/\/peterkepkeret.hu\/keretbe-zart-orokkevalosag-rippl-ronai-festeszetenek-uj-ruhai\/#breadcrumb","itemListElement":[{"@type":"ListItem","position":1,"name":"Kezd\u0151lap","item":"https:\/\/peterkepkeret.hu\/"},{"@type":"ListItem","position":2,"name":"Keretbe z\u00e1rt \u00f6r\u00f6kk\u00e9val\u00f3s\u00e1g: Rippl-R\u00f3nai fest\u00e9szet\u00e9nek \u00faj ruh\u00e1i"}]},{"@type":"WebSite","@id":"https:\/\/peterkepkeret.hu\/#website","url":"https:\/\/peterkepkeret.hu\/","name":"P\u00e9ter k\u00e9pkeret","description":"For us, it's a piece of art; \nfor you, it's a personal story","potentialAction":[{"@type":"SearchAction","target":{"@type":"EntryPoint","urlTemplate":"https:\/\/peterkepkeret.hu\/?s={search_term_string}"},"query-input":{"@type":"PropertyValueSpecification","valueRequired":true,"valueName":"search_term_string"}}],"inLanguage":"en-GB"},{"@type":"Person","@id":"https:\/\/peterkepkeret.hu\/#\/schema\/person\/d29c1d3f6d569ab94816f8a61e932f9f","name":"rghungary","image":{"@type":"ImageObject","inLanguage":"en-GB","@id":"https:\/\/secure.gravatar.com\/avatar\/ebe5f489f696e2a14c580582f772585c7756a84505817f4c0cf07a77f4d3b633?s=96&d=mm&r=g","url":"https:\/\/secure.gravatar.com\/avatar\/ebe5f489f696e2a14c580582f772585c7756a84505817f4c0cf07a77f4d3b633?s=96&d=mm&r=g","contentUrl":"https:\/\/secure.gravatar.com\/avatar\/ebe5f489f696e2a14c580582f772585c7756a84505817f4c0cf07a77f4d3b633?s=96&d=mm&r=g","caption":"rghungary"},"url":"https:\/\/peterkepkeret.hu\/en\/author\/rghungary\/"}]}},"_links":{"self":[{"href":"https:\/\/peterkepkeret.hu\/en\/wp-json\/wp\/v2\/posts\/6000","targetHints":{"allow":["GET"]}}],"collection":[{"href":"https:\/\/peterkepkeret.hu\/en\/wp-json\/wp\/v2\/posts"}],"about":[{"href":"https:\/\/peterkepkeret.hu\/en\/wp-json\/wp\/v2\/types\/post"}],"author":[{"embeddable":true,"href":"https:\/\/peterkepkeret.hu\/en\/wp-json\/wp\/v2\/users\/4"}],"replies":[{"embeddable":true,"href":"https:\/\/peterkepkeret.hu\/en\/wp-json\/wp\/v2\/comments?post=6000"}],"version-history":[{"count":3,"href":"https:\/\/peterkepkeret.hu\/en\/wp-json\/wp\/v2\/posts\/6000\/revisions"}],"predecessor-version":[{"id":6011,"href":"https:\/\/peterkepkeret.hu\/en\/wp-json\/wp\/v2\/posts\/6000\/revisions\/6011"}],"wp:featuredmedia":[{"embeddable":true,"href":"https:\/\/peterkepkeret.hu\/en\/wp-json\/wp\/v2\/media\/6008"}],"wp:attachment":[{"href":"https:\/\/peterkepkeret.hu\/en\/wp-json\/wp\/v2\/media?parent=6000"}],"wp:term":[{"taxonomy":"category","embeddable":true,"href":"https:\/\/peterkepkeret.hu\/en\/wp-json\/wp\/v2\/categories?post=6000"},{"taxonomy":"post_tag","embeddable":true,"href":"https:\/\/peterkepkeret.hu\/en\/wp-json\/wp\/v2\/tags?post=6000"}],"curies":[{"name":"wp","href":"https:\/\/api.w.org\/{rel}","templated":true}]}}